{"id":870,"date":"2019-09-07T19:35:39","date_gmt":"2019-09-07T17:35:39","guid":{"rendered":"http:\/\/paroles-de-bibs.org\/?p=870"},"modified":"2019-12-04T23:08:16","modified_gmt":"2019-12-04T22:08:16","slug":"le-char-et-lolivier-une-autre-histoire-de-la-palestine","status":"publish","type":"post","link":"https:\/\/paroles-de-bibs.org\/?p=870","title":{"rendered":"LE CHAR ET L&#8217;OLIVIER, UNE AUTRE HISTOIRE DE LA PALESTINE"},"content":{"rendered":"\n<figure class=\"wp-block-gallery columns-2 is-cropped\"><ul class=\"blocks-gallery-grid\"><li class=\"blocks-gallery-item\"><figure><img loading=\"lazy\" width=\"353\" height=\"470\" src=\"http:\/\/paroles-de-bibs.org\/wp-content\/uploads\/2019\/09\/affiche-le-char-et-lolivier.jpg\" alt=\"\" data-id=\"871\" data-link=\"http:\/\/paroles-de-bibs.org\/?attachment_id=871\" class=\"wp-image-871\" srcset=\"https:\/\/paroles-de-bibs.org\/wp-content\/uploads\/2019\/09\/affiche-le-char-et-lolivier.jpg 353w, https:\/\/paroles-de-bibs.org\/wp-content\/uploads\/2019\/09\/affiche-le-char-et-lolivier-225x300.jpg 225w\" sizes=\"(max-width: 353px) 100vw, 353px\" \/><\/figure><\/li><li class=\"blocks-gallery-item\"><figure><img loading=\"lazy\" width=\"308\" height=\"308\" src=\"http:\/\/paroles-de-bibs.org\/wp-content\/uploads\/2019\/09\/le-char-et-lolivier-image.jpg\" alt=\"\" data-id=\"872\" data-link=\"http:\/\/paroles-de-bibs.org\/?attachment_id=872\" class=\"wp-image-872\" srcset=\"https:\/\/paroles-de-bibs.org\/wp-content\/uploads\/2019\/09\/le-char-et-lolivier-image.jpg 308w, https:\/\/paroles-de-bibs.org\/wp-content\/uploads\/2019\/09\/le-char-et-lolivier-image-300x300.jpg 300w\" sizes=\"(max-width: 308px) 100vw, 308px\" \/><\/figure><\/li><\/ul><\/figure>\n\n\n\n<p><\/p>\n\n\n\n<p>France | 2019 | 1h41 | Couleur<br>Un documentaire de <strong>Roland NURIER<\/strong><br><br><span style=\"color: #000000;\"><span style=\"font-size: large;\"><b>AU CIN\u00c9MA LE 6 NOVEMBRE 2019<\/b><\/span><\/span><\/p>\n\n\n\n<p><\/p>\n\n\n\n<p style=\"text-align: justify;\">Ce documentaire <strong>essentiel<\/strong> permet d&#8217;avoir un <strong>\u00e9clairage n\u00e9cessaire<\/strong> sur l&#8217;histoire de la <strong>Palestine<\/strong>. Apprendre du pass\u00e9 pour comprendre le pr\u00e9sent&#8230;<br><br><strong>Synopsis :<\/strong><br>L&#8217;histoire de la Palestine, de son origine \u00e0 aujourd&#8217;hui, loin de ce que les m\u00e9dias appellent le conflit isra\u00e9lo-palestinien. Experts internationaux, historiens, diplomates des Nations unies, juristes en Droit International mais aussi, t\u00e9moignages de simples citoyens&#8230; Un \u00e9clairage primordial bas\u00e9 sur des \u00e9l\u00e9ments factuels incontestables, pour se d\u00e9barrasser des clich\u00e9s et id\u00e9es re\u00e7ues !<\/p>\n\n\n\n<p><em>C&#8217;est un copain de Lyon qui fait le film ( Roland Nurier), et il y a comme projet de&nbsp; le programmer avec l&#8217;AFPS 63&nbsp; soit dans le cadre &#8220;Palestine en vue&#8221; (avril 2020), soit&nbsp; avec l&#8217;\u00e9v\u00e8nement Palestine du 30 novembre. Voici un entretien de Roland Nurier sur le choix du film.<br><\/em><\/p>\n<p>&nbsp;<\/p>\n\n\n\n<figure><iframe loading=\"lazy\" src=\"https:\/\/player.vimeo.com\/video\/238772291\" allowfullscreen=\"\" width=\"640\" height=\"360\"><\/iframe><\/figure>\n\n\n\n<h4>&nbsp;<\/h4>\n<h4><strong>Mais surtout, vous pouvez voir le film <a href=\"https:\/\/vimeo.com\/340866289\" target=\"_blank\" rel=\"noopener noreferrer lightbox-video-0\"><span style=\"color: #ff0000;\">ici&nbsp;<\/span><\/a><\/strong><\/h4>\n<p>le mot de passe est : Ch\u00e0R_OLivi\u00e9=201911% (Merci de garder ce mot de passe pour vous)<\/p>\n\n\n\n<span id=\"post-ratings-870\" class=\"post-ratings\"><img src=\"https:\/\/paroles-de-bibs.org\/wp-content\/plugins\/wp-postratings\/images\/stars\/rating_on.gif\" alt=\"2 votes, average: 3,00 out of 5\" title=\"2 votes, average: 3,00 out of 5\" class=\"post-ratings-image\" \/><img src=\"https:\/\/paroles-de-bibs.org\/wp-content\/plugins\/wp-postratings\/images\/stars\/rating_on.gif\" alt=\"2 votes, average: 3,00 out of 5\" title=\"2 votes, average: 3,00 out of 5\" class=\"post-ratings-image\" \/><img src=\"https:\/\/paroles-de-bibs.org\/wp-content\/plugins\/wp-postratings\/images\/stars\/rating_on.gif\" alt=\"2 votes, average: 3,00 out of 5\" title=\"2 votes, average: 3,00 out of 5\" class=\"post-ratings-image\" \/><img src=\"https:\/\/paroles-de-bibs.org\/wp-content\/plugins\/wp-postratings\/images\/stars\/rating_off.gif\" alt=\"2 votes, average: 3,00 out of 5\" title=\"2 votes, average: 3,00 out of 5\" class=\"post-ratings-image\" \/><img src=\"https:\/\/paroles-de-bibs.org\/wp-content\/plugins\/wp-postratings\/images\/stars\/rating_off.gif\" alt=\"2 votes, average: 3,00 out of 5\" title=\"2 votes, average: 3,00 out of 5\" class=\"post-ratings-image\" \/> (<em><strong>2<\/strong> votes, average: <strong>3,00<\/strong> out of 5<\/em>)<br \/><em>You need to be a registered member to rate this.<\/em><\/span><span id=\"post-ratings-870-loading\" class=\"post-ratings-loading\"><img src=\"https:\/\/paroles-de-bibs.org\/wp-content\/plugins\/wp-postratings\/images\/loading.gif\" width=\"16\" height=\"16\" class=\"post-ratings-image\" \/>Loading...<\/span>\n\n\n\n<p><\/p>\n\n\n\n<p><\/p>\n","protected":false},"excerpt":{"rendered":"<p>Le Char et l\u2019Olivier rappelle un certain nombre de fondamentaux oubli\u00e9s et apporte un \u00e9clairage sur l\u2019histoire de la Palestine, ce que les m\u00e9dias appellent le conflit isra\u00e9lo-palestinien, de son ...<\/p>","protected":false},"author":1,"featured_media":871,"comment_status":"open","ping_status":"closed","sticky":false,"template":"","format":"standard","meta":[],"categories":[356],"tags":[226],"_links":{"self":[{"href":"https:\/\/paroles-de-bibs.org\/index.php?rest_route=\/wp\/v2\/posts\/870"}],"collection":[{"href":"https:\/\/paroles-de-bibs.org\/index.php?rest_route=\/wp\/v2\/posts"}],"about":[{"href":"https:\/\/paroles-de-bibs.org\/index.php?rest_route=\/wp\/v2\/types\/post"}],"author":[{"embeddable":true,"href":"https:\/\/paroles-de-bibs.org\/index.php?rest_route=\/wp\/v2\/users\/1"}],"replies":[{"embeddable":true,"href":"https:\/\/paroles-de-bibs.org\/index.php?rest_route=%2Fwp%2Fv2%2Fcomments&post=870"}],"version-history":[{"count":5,"href":"https:\/\/paroles-de-bibs.org\/index.php?rest_route=\/wp\/v2\/posts\/870\/revisions"}],"predecessor-version":[{"id":2358,"href":"https:\/\/paroles-de-bibs.org\/index.php?rest_route=\/wp\/v2\/posts\/870\/revisions\/2358"}],"wp:featuredmedia":[{"embeddable":true,"href":"https:\/\/paroles-de-bibs.org\/index.php?rest_route=\/wp\/v2\/media\/871"}],"wp:attachment":[{"href":"https:\/\/paroles-de-bibs.org\/index.php?rest_route=%2Fwp%2Fv2%2Fmedia&parent=870"}],"wp:term":[{"taxonomy":"category","embeddable":true,"href":"https:\/\/paroles-de-bibs.org\/index.php?rest_route=%2Fwp%2Fv2%2Fcategories&post=870"},{"taxonomy":"post_tag","embeddable":true,"href":"https:\/\/paroles-de-bibs.org\/index.php?rest_route=%2Fwp%2Fv2%2Ftags&post=870"}],"curies":[{"name":"wp","href":"https:\/\/api.w.org\/{rel}","templated":true}]}}