{"id":865,"date":"2019-09-07T19:24:17","date_gmt":"2019-09-07T17:24:17","guid":{"rendered":"http:\/\/paroles-de-bibs.org\/?p=865"},"modified":"2019-11-25T23:15:15","modified_gmt":"2019-11-25T22:15:15","slug":"autonomies","status":"publish","type":"post","link":"https:\/\/paroles-de-bibs.org\/?p=865","title":{"rendered":"Autonomies"},"content":{"rendered":"\n<ul class=\"wp-block-gallery columns-2 is-cropped\"><li class=\"blocks-gallery-item\"><figure><img loading=\"lazy\" width=\"300\" height=\"169\" src=\"http:\/\/paroles-de-bibs.org\/wp-content\/uploads\/2019\/09\/Autonomies-Nazzarena.jpg\" alt=\"\" data-id=\"867\" data-link=\"http:\/\/paroles-de-bibs.org\/?attachment_id=867\" class=\"wp-image-867\"\/><\/figure><\/li><li class=\"blocks-gallery-item\"><figure><img loading=\"lazy\" width=\"300\" height=\"169\" src=\"http:\/\/paroles-de-bibs.org\/wp-content\/uploads\/2019\/09\/Autonomies-ferme-1.jpg\" alt=\"\" data-id=\"868\" data-link=\"http:\/\/paroles-de-bibs.org\/?attachment_id=868\" class=\"wp-image-868\"\/><\/figure><\/li><\/ul>\n\n\n\n<p>de Nazzarena et Christophe-Emmanuel Del Debbio.<\/p>\n<p>Sortie pr\u00e9vue oct 2019 \/ fr<\/p>\n\n\n\n<p><\/p>\n\n\n\n<p>\u00ab&nbsp;En 2010, je pr\u00e9parais mon premier documentaire \u00ab&nbsp;<em>La Pand\u00e9mie du nouveau monde&nbsp;<\/em>\u00bb <em>L\u2019\u00e9veil des consciences citoyennes<\/em>.<\/p>\n<p>Interviewant la d\u00e9put\u00e9e europ\u00e9enne EELV Mich\u00e8le Rivasi dans le village de mon enfance, je d\u00e9couvre une communaut\u00e9 autonome institu\u00e9e au XIV<sup>e<\/sup> si\u00e8cle, qui a perdur\u00e9 jusqu\u2019\u00e0 la r\u00e9volution fran\u00e7aise.<\/p>\n<p>Mes recherches m\u2019apprennent qu\u2019il s\u2019agissait d\u2019une autonomie quasi totale, y compris au niveau des lois et de l\u2019\u00e9ducation, d\u2019une pratique mutualiste d\u2019avant-garde qui mettait en avant la solidarit\u00e9 et la coop\u00e9ration.<\/p>\n<p>Je d\u00e9cide alors d\u2019aller plus loin dans mes recherches, ce qui me fait rencontrer des personnes autonomes de leur alimentation, de leur \u00e9lectricit\u00e9, de leur eau. Je m\u2019aper\u00e7ois qu\u2019il y a des similitudes avec les valeurs du XIV<sup>e<\/sup> si\u00e8cle, car tous souhaitent d\u00e9velopper la solidarit\u00e9, l\u2019entraide et la coop\u00e9ration.<\/p>\n<p>Chemin faisant, je vais d\u00e9couvrir que l\u2019autonomie est aussi politique, juridique, psychologique, biologique.&nbsp;\u00bb Christophe-Emmanuel Del Debbio<\/p>\n\n\n\n<p>Pour info, ce r\u00e9alisateur est d\u00e9j\u00e0 venu au FFSC \u00e0 Romagnat.<\/p>\n<p>&nbsp;<\/p>\n\n\n\n<figure><iframe loading=\"lazy\" src=\"https:\/\/player.vimeo.com\/video\/349499460\" allowfullscreen=\"\" width=\"640\" height=\"500\"><\/iframe><\/figure>\n\n\n\n<p><\/p>\n\n\n\n<span id=\"post-ratings-865\" class=\"post-ratings\"><img src=\"https:\/\/paroles-de-bibs.org\/wp-content\/plugins\/wp-postratings\/images\/stars\/rating_on.gif\" alt=\"2 votes, average: 3,50 out of 5\" title=\"2 votes, average: 3,50 out of 5\" class=\"post-ratings-image\" \/><img src=\"https:\/\/paroles-de-bibs.org\/wp-content\/plugins\/wp-postratings\/images\/stars\/rating_on.gif\" alt=\"2 votes, average: 3,50 out of 5\" title=\"2 votes, average: 3,50 out of 5\" class=\"post-ratings-image\" \/><img src=\"https:\/\/paroles-de-bibs.org\/wp-content\/plugins\/wp-postratings\/images\/stars\/rating_on.gif\" alt=\"2 votes, average: 3,50 out of 5\" title=\"2 votes, average: 3,50 out of 5\" class=\"post-ratings-image\" \/><img src=\"https:\/\/paroles-de-bibs.org\/wp-content\/plugins\/wp-postratings\/images\/stars\/rating_half.gif\" alt=\"2 votes, average: 3,50 out of 5\" title=\"2 votes, average: 3,50 out of 5\" class=\"post-ratings-image\" \/><img src=\"https:\/\/paroles-de-bibs.org\/wp-content\/plugins\/wp-postratings\/images\/stars\/rating_off.gif\" alt=\"2 votes, average: 3,50 out of 5\" title=\"2 votes, average: 3,50 out of 5\" class=\"post-ratings-image\" \/> (<em><strong>2<\/strong> votes, average: <strong>3,50<\/strong> out of 5<\/em>)<br \/><em>You need to be a registered member to rate this.<\/em><\/span><span id=\"post-ratings-865-loading\" class=\"post-ratings-loading\"><img src=\"https:\/\/paroles-de-bibs.org\/wp-content\/plugins\/wp-postratings\/images\/loading.gif\" width=\"16\" height=\"16\" class=\"post-ratings-image\" \/>Loading...<\/span>\n","protected":false},"excerpt":{"rendered":"<p>de Nazzarena et Christophe-Emmanuel Del Debbio. Sortie pr\u00e9vue oct 2019 \/ fr \u00ab&nbsp;En 2010, je pr\u00e9parais mon premier documentaire \u00ab&nbsp;La Pand\u00e9mie du nouveau monde&nbsp;\u00bb L\u2019\u00e9veil des consciences citoyennes. Interviewant la ...<\/p>","protected":false},"author":1,"featured_media":868,"comment_status":"open","ping_status":"closed","sticky":false,"template":"","format":"standard","meta":[],"categories":[356],"tags":[],"_links":{"self":[{"href":"https:\/\/paroles-de-bibs.org\/index.php?rest_route=\/wp\/v2\/posts\/865"}],"collection":[{"href":"https:\/\/paroles-de-bibs.org\/index.php?rest_route=\/wp\/v2\/posts"}],"about":[{"href":"https:\/\/paroles-de-bibs.org\/index.php?rest_route=\/wp\/v2\/types\/post"}],"author":[{"embeddable":true,"href":"https:\/\/paroles-de-bibs.org\/index.php?rest_route=\/wp\/v2\/users\/1"}],"replies":[{"embeddable":true,"href":"https:\/\/paroles-de-bibs.org\/index.php?rest_route=%2Fwp%2Fv2%2Fcomments&post=865"}],"version-history":[{"count":2,"href":"https:\/\/paroles-de-bibs.org\/index.php?rest_route=\/wp\/v2\/posts\/865\/revisions"}],"predecessor-version":[{"id":1504,"href":"https:\/\/paroles-de-bibs.org\/index.php?rest_route=\/wp\/v2\/posts\/865\/revisions\/1504"}],"wp:featuredmedia":[{"embeddable":true,"href":"https:\/\/paroles-de-bibs.org\/index.php?rest_route=\/wp\/v2\/media\/868"}],"wp:attachment":[{"href":"https:\/\/paroles-de-bibs.org\/index.php?rest_route=%2Fwp%2Fv2%2Fmedia&parent=865"}],"wp:term":[{"taxonomy":"category","embeddable":true,"href":"https:\/\/paroles-de-bibs.org\/index.php?rest_route=%2Fwp%2Fv2%2Fcategories&post=865"},{"taxonomy":"post_tag","embeddable":true,"href":"https:\/\/paroles-de-bibs.org\/index.php?rest_route=%2Fwp%2Fv2%2Ftags&post=865"}],"curies":[{"name":"wp","href":"https:\/\/api.w.org\/{rel}","templated":true}]}}