{"id":813,"date":"2019-09-05T23:48:40","date_gmt":"2019-09-05T21:48:40","guid":{"rendered":"http:\/\/paroles-de-bibs.org\/?p=813"},"modified":"2019-09-08T11:29:24","modified_gmt":"2019-09-08T09:29:24","slug":"statuts-de-lassociation","status":"publish","type":"post","link":"https:\/\/paroles-de-bibs.org\/?p=813","title":{"rendered":"STATUTS PAROLES DE BIBS &#8211; 63 IMAGES"},"content":{"rendered":"\n<p align=\"JUSTIFY\"><span style=\"font-family: Calibri, sans-serif;\"><span style=\"font-size: medium;\"><b>ARTICLE 1 &#8211; Nom<\/b><\/span><\/span><\/p>\n<p align=\"JUSTIFY\"><span style=\"font-family: Calibri, sans-serif;\"><span style=\"font-size: medium;\">Il est fond\u00e9 entre les adh\u00e9rents aux pr\u00e9sents statuts une association r\u00e9gie par la loi du 1er juillet 1901 et le d\u00e9cret du 16 ao\u00fbt 1901, ayant pour nom : <b>PAROLES DE BIBS 63 IMAGES<\/b><\/span><\/span><\/p>\n<p align=\"JUSTIFY\"><span style=\"font-family: Calibri, sans-serif;\"><span style=\"font-size: medium;\"><b>ARTICLE 2 &#8211; Objets et buts de l&#8217;Association<\/b><\/span><\/span><\/p>\n<p align=\"JUSTIFY\"><span style=\"font-family: Calibri, sans-serif;\"><span style=\"font-size: medium;\">Cette association a pour objet la production de supports vid\u00e9os \u00e0 caract\u00e8re social et politique, la diffusion de films documentaires et l&#8217;organisation d&#8217;un Festival Social et Engag\u00e9.<\/span><\/span><\/p>\n<p align=\"JUSTIFY\"><span style=\"font-family: Calibri, sans-serif;\"><span style=\"font-size: medium;\">Cette association construit \u00e0 travers les animations propos\u00e9es tout au long de l\u2019ann\u00e9e<\/span><\/span><\/p>\n<p align=\"JUSTIFY\"><span style=\"font-family: Calibri, sans-serif;\"><span style=\"font-size: medium;\">(projections et d\u00e9bats) un outil d&#8217;\u00e9ducation populaire. Elle cr\u00e9e des partenariats occasionnels avec les associations poursuivant les m\u00eames objectifs d\u2019\u00e9ducation populaire.<\/span><\/span><\/p>\n<p align=\"JUSTIFY\"><span style=\"font-family: Calibri, sans-serif;\"><span style=\"font-size: medium;\"><b>ARTICLE 3 &#8211; Si\u00e8ge social<\/b><\/span><\/span><\/p>\n<p align=\"JUSTIFY\"><span style=\"font-family: Calibri, sans-serif;\"><span style=\"font-size: medium;\">Le si\u00e8ge social est fix\u00e9 \u00e0 l&#8217;adresse suivante : Centre associatif Jean Richepin -21 rue<\/span><\/span><\/p>\n<p align=\"JUSTIFY\"><span style=\"font-family: Calibri, sans-serif;\"><span style=\"font-size: medium;\">Jean Richepin 63000 Clermont Ferrand<\/span><\/span><\/p>\n<p align=\"JUSTIFY\"><span style=\"font-family: Calibri, sans-serif;\"><span style=\"font-size: medium;\">Il pourra \u00eatre transf\u00e9r\u00e9 sur simple d\u00e9cision du conseil coll\u00e9gial.<\/span><\/span><\/p>\n<p align=\"JUSTIFY\"><span style=\"font-family: Calibri, sans-serif;\"><span style=\"font-size: medium;\"><b>ARTICLE 4 &#8211; Dur\u00e9e<\/b><\/span><\/span><\/p>\n<p align=\"JUSTIFY\"><span style=\"font-family: Calibri, sans-serif;\"><span style=\"font-size: medium;\">La dur\u00e9e de l\u2019association est illimit\u00e9e.<\/span><\/span><\/p>\n<p align=\"JUSTIFY\"><span style=\"font-family: Calibri, sans-serif;\"><span style=\"font-size: medium;\"><b>ARTICLE 5 &#8211; Propri\u00e9t\u00e9 du nom de l&#8217;Association<\/b><\/span><\/span><\/p>\n<p align=\"JUSTIFY\"><span style=\"font-family: Calibri, sans-serif;\"><span style=\"font-size: medium;\">L&#8217;association est propri\u00e9taire du nom \u00abFestival du Film Social et Engag\u00e9\u00bb sur le<\/span><\/span><\/p>\n<p align=\"JUSTIFY\"><span style=\"font-family: Calibri, sans-serif;\"><span style=\"font-size: medium;\">d\u00e9partement du Puy de D\u00f4me ; il ne pourra \u00eatre utilis\u00e9 par des tiers qu&#8217;apr\u00e8s accord \u00e9crit du conseil coll\u00e9gial.<\/span><\/span><\/p>\n<p align=\"JUSTIFY\"><span style=\"font-family: Calibri, sans-serif;\"><span style=\"font-size: medium;\"><b>ARTICLE 6 &#8211; Membres et conditions d&#8217;adh\u00e9sion<\/b><\/span><\/span><\/p>\n<p align=\"JUSTIFY\"><span style=\"font-family: Calibri, sans-serif;\"><span style=\"font-size: medium;\">Est consid\u00e9r\u00e9e comme membre toute personne physique adh\u00e9rant aux buts de l&#8217;association d\u00e9finis par les pr\u00e9sents statuts et \u00e0 jour de sa cotisation. Elle s&#8217;engage \u00e0 respecter les statuts, le r\u00e8glement int\u00e9rieur (ou la charte) de l&#8217;association ainsi que les d\u00e9cisions prises en assembl\u00e9e g\u00e9n\u00e9rale.<\/span><\/span><\/p>\n<p align=\"JUSTIFY\"><span style=\"font-family: Calibri, sans-serif;\"><span style=\"font-size: medium;\"><b>ARTICLE 7 &#8211; Ressources financi\u00e8res de l&#8217;Association<\/b><\/span><\/span><\/p>\n<p align=\"JUSTIFY\"><span style=\"font-family: Calibri, sans-serif;\"><span style=\"font-size: medium;\">Les ressources se composent des cotisations et de tout type de ressources autoris\u00e9es par la loi.<\/span><\/span><\/p>\n<p align=\"JUSTIFY\"><span style=\"font-family: Calibri, sans-serif;\"><span style=\"font-size: medium;\"><b>ARTICLE 8 &#8211; Perte de la qualit\u00e9 de membre<\/b><\/span><\/span><\/p>\n<p align=\"JUSTIFY\"><span style=\"font-family: Calibri, sans-serif;\"><span style=\"font-size: medium;\">La qualit\u00e9 de membre se perd soit par d\u00e9mission soit pour non-respect des statuts et du r\u00e8glement int\u00e9rieur suite \u00e0 la d\u00e9cision, \u00e0 la majorit\u00e9 qualifi\u00e9e (\u00be), du conseil coll\u00e9gial.<\/span><\/span><\/p>\n<p align=\"JUSTIFY\"><span style=\"font-family: Calibri, sans-serif;\"><span style=\"font-size: medium;\"><b>ARTICLE 9 &#8211; Modalit\u00e9s et prises de d\u00e9cisions<\/b><\/span><\/span><\/p>\n<p align=\"JUSTIFY\"><span style=\"font-family: Calibri, sans-serif;\"><span style=\"font-size: medium;\">L\u2019association est administr\u00e9e par un conseil coll\u00e9gial \u00e9lu et mandat\u00e9 en assembl\u00e9e g\u00e9n\u00e9rale ordinaire. Le mandat des membres du conseil coll\u00e9gial est de trois ans renouvelable.<\/span><\/span><\/p>\n<p align=\"JUSTIFY\"><span style=\"font-family: Calibri, sans-serif;\"><span style=\"font-size: medium;\">Ce conseil coll\u00e9gial est compos\u00e9 d\u2019au moins 5 membres et au plus 15 membres. L\u2019assembl\u00e9e g\u00e9n\u00e9rale ordinaire statue pour une modification du nombre minimum si au moins 5 membres ne sont pas candidats au conseil coll\u00e9gial.<\/span><\/span><\/p>\n<p align=\"JUSTIFY\"><span style=\"font-family: Calibri, sans-serif;\"><span style=\"font-size: medium;\"><b>ARTICLE 10 \u2013 Assembl\u00e9e G\u00e9n\u00e9rale Ordinaire<\/b><\/span><\/span><\/p>\n<p align=\"JUSTIFY\"><span style=\"font-family: Calibri, sans-serif;\"><span style=\"font-size: medium;\">L&#8217;assembl\u00e9e g\u00e9n\u00e9rale ordinaire comprend tous les membres de l&#8217;association.<\/span><\/span><\/p>\n<p align=\"JUSTIFY\"><span style=\"font-family: Calibri, sans-serif;\"><span style=\"font-size: medium;\">Elle se r\u00e9unit au moins une fois par an.<\/span><\/span><\/p>\n<p align=\"JUSTIFY\"><span style=\"font-family: Calibri, sans-serif;\"><span style=\"font-size: medium;\">Quinze jours au moins avant la date fix\u00e9e, les membres de l&#8217;association sont convoqu\u00e9s de pr\u00e9f\u00e9rence par courrier \u00e9lectronique. Dans ce courrier figure un ordre du jour et un appel \u00e0 candidature pour le renouvellement du conseil coll\u00e9gial.<\/span><\/span><\/p>\n<p align=\"JUSTIFY\"><span style=\"font-family: Calibri, sans-serif;\"><span style=\"font-size: medium;\">L\u2019assembl\u00e9e g\u00e9n\u00e9rale entend les rapports sur la gestion du conseil coll\u00e9gial et sur la situation morale et financi\u00e8re de l\u2019association. Elle approuve les comptes de l\u2019exercice \u00e9coul\u00e9, vote le budget pr\u00e9visionnel pour l\u2019ann\u00e9e en cours. Elle pourvoit, par vote, au renouvellement des membres du conseil coll\u00e9gial. Elle vote le montant des cotisations pour une ann\u00e9e. Elle valide les modifications \u00e9ventuelles du r\u00e8glement int\u00e9rieur.<\/span><\/span><\/p>\n<p align=\"JUSTIFY\"><span style=\"font-family: Calibri, sans-serif;\"><span style=\"font-size: medium;\">Les d\u00e9cisions sont prises \u00e0 la majorit\u00e9 des membres pr\u00e9sents ou repr\u00e9sent\u00e9s. Le quorum est fix\u00e9 \u00e0 50 % des membres \u00e0 jour de leur cotisation le jour de l\u2019assembl\u00e9e g\u00e9n\u00e9rale. Nul ne peut repr\u00e9senter plus d\u2019une personne.<\/span><\/span><\/p>\n<p align=\"JUSTIFY\"><span style=\"font-family: Calibri, sans-serif;\"><span style=\"font-size: medium;\">Toutes les d\u00e9cisions sont prises \u00e0 main lev\u00e9e.<\/span><\/span><\/p>\n<p align=\"JUSTIFY\"><span style=\"font-family: Calibri, sans-serif;\"><span style=\"font-size: medium;\">Seuls les adh\u00e9rents \u00e0 jour de leur cotisation \u00e0 la date de la convocation participeront aux votes pour les rapports suivants :<\/span><\/span><\/p>\n<ul>\n<li>&nbsp;<span style=\"font-family: Calibri, sans-serif;\"><span style=\"font-size: medium;\">rapport moral<\/span><\/span><\/li>\n<li><span style=\"font-family: Calibri, sans-serif;\"><span style=\"font-size: medium;\">rapport d\u2019activit\u00e9<\/span><\/span><\/li>\n<li>&nbsp;<span style=\"font-family: Calibri, sans-serif;\"><span style=\"font-size: medium;\">rapport financier<\/span><\/span><\/li>\n<\/ul>\n<p align=\"JUSTIFY\"><span style=\"font-family: Calibri, sans-serif;\"><span style=\"font-size: medium;\">Les votes concernant les perspectives, le pr\u00e9visionnel et l\u2019\u00e9lection des membres du conseil coll\u00e9gial sont ouverts \u00e0 tous les adh\u00e9rents pr\u00e9sents ou repr\u00e9sent\u00e9s.<\/span><\/span><\/p>\n<p align=\"JUSTIFY\"><span style=\"font-family: Calibri, sans-serif;\"><span style=\"font-size: medium;\">Sur demande d\u2019un adh\u00e9rent pr\u00e9sent l\u2019\u00e9lection des membres du conseil coll\u00e9gial peut se faire \u00e0 bulletin secret.<\/span><\/span><\/p>\n<p align=\"JUSTIFY\"><span style=\"font-family: Calibri, sans-serif;\"><span style=\"font-size: medium;\">Les d\u00e9cisions des assembl\u00e9es g\u00e9n\u00e9rales s\u2019imposent \u00e0 tous les membres, y compris les<\/span><\/span><\/p>\n<p align=\"JUSTIFY\"><span style=\"font-family: Calibri, sans-serif;\"><span style=\"font-size: medium;\">absents ou repr\u00e9sent\u00e9s.<\/span><\/span><\/p>\n<p align=\"JUSTIFY\"><span style=\"font-family: Calibri, sans-serif;\"><span style=\"font-size: medium;\"><b>ARTICLE 11 &#8211; Assembl\u00e9e G\u00e9n\u00e9rale Extraordinaire<\/b><\/span><\/span><\/p>\n<p align=\"JUSTIFY\"><span style=\"font-family: Calibri, sans-serif;\"><span style=\"font-size: medium;\">Le conseil coll\u00e9gial convoque une assembl\u00e9e g\u00e9n\u00e9rale extraordinaire pour modifier les statuts ou pour dissoudre l\u2019association.<\/span><\/span><\/p>\n<p align=\"JUSTIFY\"><span style=\"font-family: Calibri, sans-serif;\"><span style=\"font-size: medium;\">Les modalit\u00e9s de convocation et de quorum sont identiques \u00e0 celles de l\u2019assembl\u00e9e g\u00e9n\u00e9rale ordinaire.<\/span><\/span><\/p>\n<p align=\"JUSTIFY\"><span style=\"font-family: Calibri, sans-serif;\"><span style=\"font-size: medium;\">Si le quorum n\u2019est pas atteint une deuxi\u00e8me assembl\u00e9e g\u00e9n\u00e9rale extraordinaire est<\/span><\/span><\/p>\n<p align=\"JUSTIFY\"><span style=\"font-family: Calibri, sans-serif;\"><span style=\"font-size: medium;\">convoqu\u00e9e. La r\u00e8gle du quorum alors n\u2019est plus requise.<\/span><\/span><\/p>\n<p align=\"JUSTIFY\"><span style=\"font-family: Calibri, sans-serif;\"><span style=\"font-size: medium;\">Les d\u00e9cisions sont prises \u00e0 la majorit\u00e9 des membres pr\u00e9sents.<\/span><\/span><\/p>\n<p align=\"JUSTIFY\"><span style=\"font-family: Calibri, sans-serif;\"><span style=\"font-size: medium;\"><b>ARTICLE 12 \u2013 R\u00e8glement int\u00e9rieur<\/b><\/span><\/span><\/p>\n<p align=\"JUSTIFY\"><span style=\"font-family: Calibri, sans-serif;\"><span style=\"font-size: medium;\">Un r\u00e8glement int\u00e9rieur est \u00e9tabli par le conseil coll\u00e9gial, qui le fait alors approuver par<\/span><\/span><\/p>\n<p align=\"JUSTIFY\"><span style=\"font-family: Calibri, sans-serif;\"><span style=\"font-size: medium;\">l&#8217;assembl\u00e9e g\u00e9n\u00e9rale ordinaire.<\/span><\/span><\/p>\n<p align=\"JUSTIFY\"><span style=\"font-family: Calibri, sans-serif;\"><span style=\"font-size: medium;\"><b>ARTICLE &#8211; 13 &#8211; Dissolution<\/b><\/span><\/span><\/p>\n<p align=\"JUSTIFY\"><span style=\"font-family: Calibri, sans-serif;\"><span style=\"font-size: medium;\">Conform\u00e9ment \u00e0 l\u2019article 11, seule une assembl\u00e9e g\u00e9n\u00e9rale extraordinaire est habilit\u00e9e \u00e0 dissoudre l\u2019association par un vote \u00e0 75 % des votants.<\/span><\/span><\/p>\n<p align=\"JUSTIFY\"><span style=\"font-family: Calibri, sans-serif;\"><span style=\"font-size: medium;\">En cas de dissolution un ou plusieurs liquidateurs sont nomm\u00e9s, et l&#8217;actif, s&#8217;il y a lieu, est d\u00e9volu conform\u00e9ment aux d\u00e9cisions de l\u2019assembl\u00e9e g\u00e9n\u00e9rale extraordinaire qui statue sur la dissolution.<\/span><\/span><\/p>\n<p align=\"JUSTIFY\"><span style=\"font-family: Calibri, sans-serif;\"><span style=\"font-size: medium;\"><b>ARTICLE \u2013 14 \u2013 Publicit\u00e9 et d\u00e9claration<\/b><\/span><\/span><\/p>\n<p align=\"JUSTIFY\"><span style=\"font-family: Calibri, sans-serif;\"><span style=\"font-size: medium;\">Les pr\u00e9sents statuts modificatifs ont \u00e9t\u00e9 approuv\u00e9s \u00e0 l \u2019assembl\u00e9e g\u00e9n\u00e9rale extraordinaire du 08 d\u00e9cembre 2017.<\/span><\/span><\/p>\n<p align=\"JUSTIFY\"><span style=\"font-family: Calibri, sans-serif;\"><span style=\"font-size: medium;\">Le Conseil coll\u00e9gial a tout pouvoir de d\u00e9claration et de publication des pr\u00e9sents statuts, et de sa composition, aupr\u00e8s des institutions concern\u00e9es.<\/span><\/span><\/p>\n<p align=\"RIGHT\"><span style=\"font-family: Calibri, sans-serif;\"><span style=\"font-size: medium;\">Fait \u00e0 Clermont- Ferrand , le 14 d\u00e9cembre 2017<\/span><\/span><\/p>\n<p align=\"RIGHT\">&nbsp;<\/p>\n<p align=\"RIGHT\">&nbsp;<\/p>\n","protected":false},"excerpt":{"rendered":"<p>STATUTS PAROLES DE BIBS &#8211; 63 IMAGES<\/p>","protected":false},"author":1,"featured_media":881,"comment_status":"open","ping_status":"closed","sticky":false,"template":"","format":"standard","meta":[],"categories":[167],"tags":[168],"_links":{"self":[{"href":"https:\/\/paroles-de-bibs.org\/index.php?rest_route=\/wp\/v2\/posts\/813"}],"collection":[{"href":"https:\/\/paroles-de-bibs.org\/index.php?rest_route=\/wp\/v2\/posts"}],"about":[{"href":"https:\/\/paroles-de-bibs.org\/index.php?rest_route=\/wp\/v2\/types\/post"}],"author":[{"embeddable":true,"href":"https:\/\/paroles-de-bibs.org\/index.php?rest_route=\/wp\/v2\/users\/1"}],"replies":[{"embeddable":true,"href":"https:\/\/paroles-de-bibs.org\/index.php?rest_route=%2Fwp%2Fv2%2Fcomments&post=813"}],"version-history":[{"count":4,"href":"https:\/\/paroles-de-bibs.org\/index.php?rest_route=\/wp\/v2\/posts\/813\/revisions"}],"predecessor-version":[{"id":886,"href":"https:\/\/paroles-de-bibs.org\/index.php?rest_route=\/wp\/v2\/posts\/813\/revisions\/886"}],"wp:featuredmedia":[{"embeddable":true,"href":"https:\/\/paroles-de-bibs.org\/index.php?rest_route=\/wp\/v2\/media\/881"}],"wp:attachment":[{"href":"https:\/\/paroles-de-bibs.org\/index.php?rest_route=%2Fwp%2Fv2%2Fmedia&parent=813"}],"wp:term":[{"taxonomy":"category","embeddable":true,"href":"https:\/\/paroles-de-bibs.org\/index.php?rest_route=%2Fwp%2Fv2%2Fcategories&post=813"},{"taxonomy":"post_tag","embeddable":true,"href":"https:\/\/paroles-de-bibs.org\/index.php?rest_route=%2Fwp%2Fv2%2Ftags&post=813"}],"curies":[{"name":"wp","href":"https:\/\/api.w.org\/{rel}","templated":true}]}}