{"id":60,"date":"2019-07-30T01:01:52","date_gmt":"2019-07-29T23:01:52","guid":{"rendered":"http:\/\/paroles-de-bibs.org\/?p=60"},"modified":"2019-09-06T14:55:38","modified_gmt":"2019-09-06T12:55:38","slug":"actualites-de-paroles-de-bibs","status":"publish","type":"post","link":"https:\/\/paroles-de-bibs.org\/?p=60","title":{"rendered":"Festival de Lussas en Ard\u00e8che"},"content":{"rendered":"\n<h3>\u00c9tats G\u00e9n\u00e9raux du Documentaire : du 18 au 24 ao\u00fbt 2019<\/h3>\n\n\n\n<p><\/p>\n\n\n\n<figure class=\"wp-block-image\"><img loading=\"lazy\" width=\"1024\" height=\"680\" src=\"http:\/\/paroles-de-bibs.org\/wp-content\/uploads\/2019\/07\/visuel_EGD_2019-1-1024x680.jpg\" alt=\"Festival de Lussas\" class=\"wp-image-170\" srcset=\"https:\/\/paroles-de-bibs.org\/wp-content\/uploads\/2019\/07\/visuel_EGD_2019-1-1024x680.jpg 1024w, https:\/\/paroles-de-bibs.org\/wp-content\/uploads\/2019\/07\/visuel_EGD_2019-1-300x199.jpg 300w, https:\/\/paroles-de-bibs.org\/wp-content\/uploads\/2019\/07\/visuel_EGD_2019-1-768x510.jpg 768w, https:\/\/paroles-de-bibs.org\/wp-content\/uploads\/2019\/07\/visuel_EGD_2019-1-525x350.jpg 525w, https:\/\/paroles-de-bibs.org\/wp-content\/uploads\/2019\/07\/visuel_EGD_2019-1-105x70.jpg 105w, https:\/\/paroles-de-bibs.org\/wp-content\/uploads\/2019\/07\/visuel_EGD_2019-1.jpg 1430w\" sizes=\"(max-width: 1024px) 100vw, 1024px\" \/><figcaption>31eme \u00e9dition des \u00e9tats g\u00e9n\u00e9raux du film documentaire<\/figcaption><\/figure>\n\n\n\n<p style=\"text-align: justify;\">3<strong>0 ans ! En 2019, les \u00c9tats g\u00e9n\u00e9raux du documentaire ont 30 ans. <\/strong><\/p>\n<p style=\"text-align: justify;\">Fid\u00e8le aux valeurs suivies par la manifestation d\u00e8s 1989,&nbsp;<strong>le festival reste non-comp\u00e9titif. <\/strong>La ligne \u00e9ditoriale des \u00c9tats g\u00e9n\u00e9raux est profond\u00e9ment marqu\u00e9e par trois axes de programmation :<\/p>\n\n\n\n<ul>\n<li style=\"text-align: justify;\">les&nbsp;<strong><em>s\u00e9minaires et ateliers<\/em><\/strong> d\u00e9veloppent, sur plusieurs s\u00e9ances, une r\u00e9flexion th\u00e9orique sur le cin\u00e9ma.<\/li>\n<\/ul>\n\n\n\n<p><\/p>\n\n\n\n<ul>\n<li style=\"text-align: justify;\">les&nbsp;<strong><em>rencontres professionnelles<\/em><\/strong> proposent des temps privil\u00e9gi\u00e9s d&#8217;\u00e9change entre les diff\u00e9rentes cat\u00e9gories professionnelles, destin\u00e9s \u00e0 s&#8217;informer, se mobiliser et \u00e0 engager une r\u00e9flexion commune \u00e0 tous les secteurs de la profession autour des perspectives \u00e9conomiques et de diffusion du documentaire.<\/li>\n<\/ul>\n<p>&nbsp;<\/p>\n\n\n\n<ul>\n<li style=\"text-align: justify;\">les&nbsp;<strong><em>programmations &#8220;Films&#8221;<\/em><\/strong> permettent de d\u00e9couvrir ou revisiter des \u0153uvres documentaires exceptionnelles, des filmographies ou l\u2019\u00e9volution du documentaire d\u2019un pays. La s\u00e9lection&nbsp;<strong>Exp\u00e9riences du regard <\/strong>s&#8217;int\u00e9resse tout particuli\u00e8rement \u00e0 la production francophone europ\u00e9enne de l\u2019ann\u00e9e et met en avant des \u0153uvres r\u00e9centes et peu diffus\u00e9es ;&nbsp;<strong>Histoire de doc<\/strong> renforce la dimension de formation \u00e0 travers la programmation d\u2019\u0153uvres de r\u00e9f\u00e9rence ou de patrimoine ;&nbsp;<strong>Fragments d&#8217;une \u0153uvre<\/strong> propose des r\u00e9trospectives d&#8217;auteurs confirm\u00e9s ou la d\u00e9couverte de la filmographie de jeunes auteurs ;&nbsp;<strong>Route du doc <\/strong>propose de faire le point sur l\u2019\u00e9volution du documentaire hors de nos fronti\u00e8res. Et les<strong> s\u00e9ances plein air <\/strong>du soir n\u2019oublient pas les films \u00e0 caract\u00e8re plus \u00e9v\u00e9nementiel&#8230;<\/li>\n<\/ul>\n<p>&nbsp;<\/p>\n\n\n\n<p style=\"text-align: justify;\">Cinq salles et une&nbsp;<strong>vid\u00e9oth\u00e8que<\/strong> proposent parall\u00e8lement des s\u00e9ances en matin\u00e9e, apr\u00e8s-midi et soir\u00e9e. Les&nbsp;<strong>stages professionnels<\/strong> alternent s\u00e9ances \u00e0 huis clos et parcours sur la manifestation. En soir\u00e9e, les s\u00e9ances plein air, les&nbsp;<strong>projections dans les villages<\/strong> environnants et les&nbsp;<strong>projections chez l\u2019habitant <\/strong>enrichissent encore la programmation.<\/p>\n\n\n\n<p><\/p>\n\n\n\n<p>Vous pouvez visiter le site <a rel=\"noreferrer noopener\" aria-label=\"ici (s\u2019ouvre dans un nouvel onglet)\" href=\"http:\/\/www.lussasdoc.org\/30e_edition_des_etats_generaux_du_film_documentaire,6.html\" target=\"_blank\">ici<\/a>.<\/p>\n\n\n\n<p><\/p>\n","protected":false},"excerpt":{"rendered":"<p>En 2019, du 18 au 24 ao\u00fbt, les \u00e9tats g\u00e9n\u00e9raux du film documentaire \u00e0 Lussas en Ard\u00e8che ont f\u00eat\u00e9 leur 30 ans d\u2019existence.<\/p>","protected":false},"author":1,"featured_media":170,"comment_status":"open","ping_status":"open","sticky":false,"template":"","format":"standard","meta":[],"categories":[5],"tags":[29,30],"_links":{"self":[{"href":"https:\/\/paroles-de-bibs.org\/index.php?rest_route=\/wp\/v2\/posts\/60"}],"collection":[{"href":"https:\/\/paroles-de-bibs.org\/index.php?rest_route=\/wp\/v2\/posts"}],"about":[{"href":"https:\/\/paroles-de-bibs.org\/index.php?rest_route=\/wp\/v2\/types\/post"}],"author":[{"embeddable":true,"href":"https:\/\/paroles-de-bibs.org\/index.php?rest_route=\/wp\/v2\/users\/1"}],"replies":[{"embeddable":true,"href":"https:\/\/paroles-de-bibs.org\/index.php?rest_route=%2Fwp%2Fv2%2Fcomments&post=60"}],"version-history":[{"count":10,"href":"https:\/\/paroles-de-bibs.org\/index.php?rest_route=\/wp\/v2\/posts\/60\/revisions"}],"predecessor-version":[{"id":837,"href":"https:\/\/paroles-de-bibs.org\/index.php?rest_route=\/wp\/v2\/posts\/60\/revisions\/837"}],"wp:featuredmedia":[{"embeddable":true,"href":"https:\/\/paroles-de-bibs.org\/index.php?rest_route=\/wp\/v2\/media\/170"}],"wp:attachment":[{"href":"https:\/\/paroles-de-bibs.org\/index.php?rest_route=%2Fwp%2Fv2%2Fmedia&parent=60"}],"wp:term":[{"taxonomy":"category","embeddable":true,"href":"https:\/\/paroles-de-bibs.org\/index.php?rest_route=%2Fwp%2Fv2%2Fcategories&post=60"},{"taxonomy":"post_tag","embeddable":true,"href":"https:\/\/paroles-de-bibs.org\/index.php?rest_route=%2Fwp%2Fv2%2Ftags&post=60"}],"curies":[{"name":"wp","href":"https:\/\/api.w.org\/{rel}","templated":true}]}}