{"id":3376,"global_id":"paroles-de-bibs.org?id=3376","global_id_lineage":["paroles-de-bibs.org?id=3376"],"author":"1","status":"publish","date":"2020-11-19 15:40:29","date_utc":"2020-11-19 14:40:29","modified":"2020-11-19 15:42:11","modified_utc":"2020-11-19 14:42:11","url":"https:\/\/paroles-de-bibs.org\/?tribe_events=festival-du-cinema-social-et-engage-2021","rest_url":"https:\/\/paroles-de-bibs.org\/index.php?rest_route=\/tribe\/events\/v1\/events\/3376","title":"Festival du cin\u00e9ma social et engag\u00e9 2021","description":"<p>&nbsp;<\/p>\n<p>&nbsp;<\/p>\n<p>Nous avons d\u00fb annuler le Festival en avril 2020 cause COVID<\/p>\n<p>Avec la s\u00e9lection effectu\u00e9e pour cette \u00e9dition, nous travaillons actuellement pour compl\u00e9ter la future programmation dans la perspective de 2021.<\/p>\n<p align=\"CENTER\"><b>Le FESTIVAL DU CINEMA SOCIAL ET ENGAGE se d\u00e9roulera les 23-24-25 AVRIL 2021 A CLERMONT FERRAND dans trois salles municipales des quartiers nord<\/b><\/p>\n<ul>\n<li class=\"yiv8190626532MsoListParagraph\"><i>Salle Victor Hugo (proche M\u00e9diath\u00e8que Croix Neyrat) \u2013 Pastille <\/i><i>Rose<\/i><i><\/i><\/li>\n<li class=\"yiv8190626532MsoListParagraph\"><i>Salle Leclanch\u00e9 rue Louise Michel \u2013 Pastille <\/i><i>Violette<\/i><i><\/i><\/li>\n<li class=\"yiv8190626532MsoListParagraph\"><i>Maison de Quartier Champratel 13 rue Adrien Mabrut \u2013 Pastille <\/i><i>Rouge<\/i><\/li>\n<\/ul>\n<p>&nbsp;<\/p>\n<p><img src=\"http:\/\/paroles-de-bibs.org\/wp-content\/uploads\/2020\/11\/image-1-1024x538.png\" alt=\"L\u2019attribut alt de cette image est vide, son nom de fichier est image-1-1024x538.png.\" \/><\/p>","excerpt":"<p><\/p>","slug":"festival-du-cinema-social-et-engage-2021","image":{"url":"https:\/\/paroles-de-bibs.org\/wp-content\/uploads\/2020\/11\/image-3-e1613737656891.png","id":3373,"extension":"png","width":1000,"height":892,"sizes":{"medium":{"width":300,"height":268,"mime-type":"image\/png","url":"https:\/\/paroles-de-bibs.org\/wp-content\/uploads\/2020\/11\/image-3-300x268.png"},"large":{"width":1024,"height":913,"mime-type":"image\/png","url":"https:\/\/paroles-de-bibs.org\/wp-content\/uploads\/2020\/11\/image-3-1024x913.png"},"thumbnail":{"width":148,"height":150,"mime-type":"image\/png","url":"https:\/\/paroles-de-bibs.org\/wp-content\/uploads\/2020\/11\/image-3-148x150.png"},"medium_large":{"width":768,"height":685,"mime-type":"image\/png","url":"https:\/\/paroles-de-bibs.org\/wp-content\/uploads\/2020\/11\/image-3-768x685.png"},"gtl-multipurpose-img-525-350":{"width":525,"height":350,"mime-type":"image\/png","url":"https:\/\/paroles-de-bibs.org\/wp-content\/uploads\/2020\/11\/image-3-525x350.png"},"gtl-multipurpose-img-585-500":{"width":585,"height":500,"mime-type":"image\/png","url":"https:\/\/paroles-de-bibs.org\/wp-content\/uploads\/2020\/11\/image-3-585x500.png"},"gtl-multipurpose-img-330-200":{"width":330,"height":200,"mime-type":"image\/png","url":"https:\/\/paroles-de-bibs.org\/wp-content\/uploads\/2020\/11\/image-3-330x200.png"},"gtl-multipurpose-img-250-380":{"width":250,"height":380,"mime-type":"image\/png","url":"https:\/\/paroles-de-bibs.org\/wp-content\/uploads\/2020\/11\/image-3-250x380.png"},"gtl-multipurpose-img-105-70":{"width":105,"height":70,"mime-type":"image\/png","url":"https:\/\/paroles-de-bibs.org\/wp-content\/uploads\/2020\/11\/image-3-105x70.png"},"gtl-multipurpose-img-46-54":{"width":46,"height":54,"mime-type":"image\/png","url":"https:\/\/paroles-de-bibs.org\/wp-content\/uploads\/2020\/11\/image-3-46x54.png"}}},"all_day":true,"start_date":"2021-04-23 00:00:00","start_date_details":{"year":"2021","month":"04","day":"23","hour":"00","minutes":"00","seconds":"00"},"end_date":"2021-04-25 23:59:59","end_date_details":{"year":"2021","month":"04","day":"25","hour":"23","minutes":"59","seconds":"59"},"utc_start_date":"2021-04-22 22:00:00","utc_start_date_details":{"year":"2021","month":"04","day":"22","hour":"22","minutes":"00","seconds":"00"},"utc_end_date":"2021-04-25 21:59:59","utc_end_date_details":{"year":"2021","month":"04","day":"25","hour":"21","minutes":"59","seconds":"59"},"timezone":"Europe\/Paris","timezone_abbr":"CEST","cost":"","cost_details":{"currency_symbol":"","currency_position":"suffix","values":[]},"website":"","show_map":false,"show_map_link":false,"hide_from_listings":false,"sticky":false,"featured":false,"categories":[{"name":"Actualit\u00e9s","slug":"actualites","term_group":0,"term_taxonomy_id":293,"taxonomy":"tribe_events_cat","description":"","parent":0,"count":16,"filter":"raw","term_order":"0","id":293,"urls":{"self":"https:\/\/paroles-de-bibs.org\/index.php?rest_route=\/tribe\/events\/v1\/categories\/293","collection":"https:\/\/paroles-de-bibs.org\/index.php?rest_route=\/tribe\/events\/v1\/categories"}}],"tags":[{"name":"2021","slug":"2021","term_group":0,"term_taxonomy_id":473,"taxonomy":"post_tag","description":"","parent":0,"count":2,"filter":"raw","term_order":"0","id":473,"urls":{"self":"https:\/\/paroles-de-bibs.org\/index.php?rest_route=\/tribe\/events\/v1\/tags\/473","collection":"https:\/\/paroles-de-bibs.org\/index.php?rest_route=\/tribe\/events\/v1\/tags"}},{"name":"festival du cin\u00e9ma social et engag\u00e9","slug":"festival-du-cinema-social-et-engage","term_group":0,"term_taxonomy_id":19,"taxonomy":"post_tag","description":"","parent":0,"count":5,"filter":"raw","term_order":"0","id":19,"urls":{"self":"https:\/\/paroles-de-bibs.org\/index.php?rest_route=\/tribe\/events\/v1\/tags\/19","collection":"https:\/\/paroles-de-bibs.org\/index.php?rest_route=\/tribe\/events\/v1\/tags"}}],"venue":{"id":3379,"author":"1","status":"publish","date":"2020-11-19 15:40:29","date_utc":"2020-11-19 14:40:29","modified":"2020-11-19 15:40:29","modified_utc":"2020-11-19 14:40:29","url":"https:\/\/paroles-de-bibs.org\/?tribe_venue=clermont-ferrand-2","venue":"Clermont-Ferrand","excerpt":"<p><\/p>","slug":"clermont-ferrand-2","json_ld":{"@type":"Place","name":"Clermont-Ferrand","description":"","url":"","address":{"@type":"PostalAddress"},"telephone":"","sameAs":""},"show_map":true,"show_map_link":true,"global_id":"paroles-de-bibs.org?id=3379","global_id_lineage":["paroles-de-bibs.org?id=3379"]},"organizer":[{"id":1781,"author":"1","status":"publish","date":"2020-11-19 15:40:29","date_utc":"2020-11-19 14:40:29","modified":"2020-11-19 15:40:29","modified_utc":"2020-11-19 14:40:29","url":"https:\/\/paroles-de-bibs.org\/?tribe_organizer=paroles-de-bibs-63-images","organizer":"Paroles de Bibs 63 images","excerpt":"<p><\/p>","slug":"paroles-de-bibs-63-images","json_ld":{"@type":"Person","name":"Paroles de Bibs 63 images","description":"","url":"","telephone":"","email":"","sameAs":""},"global_id":"paroles-de-bibs.org?id=1781","global_id_lineage":["paroles-de-bibs.org?id=1781"]}],"json_ld":{"@context":"http:\/\/schema.org","@type":"Event","name":"Festival du cin\u00e9ma social et engag\u00e9 2021","description":"&lt;p&gt;&nbsp; &nbsp; Nous avons d\u00fb annuler le Festival en avril 2020 cause COVID Avec la s\u00e9lection effectu\u00e9e pour cette \u00e9dition, nous travaillons actuellement pour compl\u00e9ter la future programmation dans la [&hellip;]&lt;\/p&gt;\\n","image":"https:\/\/paroles-de-bibs.org\/wp-content\/uploads\/2020\/11\/image-3-e1613737656891.png","url":"https:\/\/paroles-de-bibs.org\/?tribe_events=festival-du-cinema-social-et-engage-2021","startDate":"2021-04-23T00:00:00+02:00","endDate":"2021-04-25T23:59:59+02:00","location":{"@type":"Place","name":"Clermont-Ferrand","description":"","url":"","address":{"@type":"PostalAddress"},"telephone":"","sameAs":""},"organizer":{"@type":"Person","name":"Paroles de Bibs 63 images","description":"","url":"","telephone":"","email":"","sameAs":""},"performer":"Organization"}}