{"id":3322,"global_id":"paroles-de-bibs.org?id=3322","global_id_lineage":["paroles-de-bibs.org?id=3322"],"author":"1","status":"publish","date":"2020-11-14 15:02:22","date_utc":"2020-11-14 14:02:22","modified":"2020-12-01 13:38:43","modified_utc":"2020-12-01 12:38:43","url":"https:\/\/paroles-de-bibs.org\/?tribe_events=migrantscene-2020-devient-migrantscreen","rest_url":"https:\/\/paroles-de-bibs.org\/index.php?rest_route=\/tribe\/events\/v1\/events\/3322","title":"Migrant&#8217;sc\u00e8ne 2020 devient Migrant&#8217;screen","description":"<div><\/div>\n<div><\/div>\n<div>\n<table style=\"width: 98.7879%; height: 1531px;\" role=\"presentation\" border=\"0\" cellspacing=\"0\" cellpadding=\"0\" align=\"center\">\n<tbody>\n<tr>\n<td style=\"text-align: justify;\">\n<div class=\"mj-column-per-100 mj-outlook-group-fix\">\n<table style=\"width: 98.8903%; height: 1509px;\" role=\"presentation\" border=\"0\" width=\"100%\" cellspacing=\"0\" cellpadding=\"0\">\n<tbody>\n<tr style=\"height: 502px;\">\n<td style=\"height: 502px;\" align=\"left\">\n<div>\n<p data-testid=\"AwP_Bes2fI\"><img loading=\"lazy\" class=\"alignnone size-full wp-image-3333\" src=\"http:\/\/paroles-de-bibs.org\/wp-content\/uploads\/2020\/11\/CIMADE_LOGO.jpg\" alt=\"\" width=\"355\" height=\"74\" srcset=\"https:\/\/paroles-de-bibs.org\/wp-content\/uploads\/2020\/11\/CIMADE_LOGO.jpg 355w, https:\/\/paroles-de-bibs.org\/wp-content\/uploads\/2020\/11\/CIMADE_LOGO-300x63.jpg 300w\" sizes=\"(max-width: 355px) 100vw, 355px\" \/><\/p>\n<p class=\"text-build-content\" data-testid=\"AwP_Bes2fI\"><span style=\"font-size: 14pt;\"><b>Le 1er festival online : <\/b><b>Migrant\u2019screen!\u00a0<\/b><\/span><\/p>\n<p class=\"text-build-content\" style=\"text-align: justify;\" data-testid=\"AwP_Bes2fI\">Le festival Migrant\u2019sc\u00e8ne devait d\u00e9marrer ce samedi 14,<br \/>\navec 200 \u00e9v\u00e8nements un peu partout en France. Malheureusement, confinement oblige, nous avons d\u00fb annuler tous les \u00e9v\u00e9nements en m\u00e9tropole.<\/p>\n<p class=\"text-build-content\" style=\"text-align: justify;\" data-testid=\"AwP_Bes2fI\">Mais parce qu\u2019il nous tenait \u00e0 c\u0153ur de ne pas compl\u00e8tement annuler ce temps fort de sensibilisation, et parce que nous voulions honorer toute l\u2019\u00e9nergie d\u00e9ploy\u00e9e ces derniers mois par les b\u00e9n\u00e9voles du festival de La Cimade, nous lan\u00e7ons :<\/p>\n<p class=\"text-build-content\" data-testid=\"AwP_Bes2fI\"><span style=\"font-size: 14pt;\"><b>Migrant\u2019screen \u2013 le festival Migrant\u2019sc\u00e8ne online.<\/b><\/span><\/p>\n<p class=\"text-build-content\" style=\"text-align: justify;\" data-testid=\"AwP_Bes2fI\">Avec une programmation in\u00e9dite de projections-d\u00e9bats, 100% en ligne, pour tout le monde et accessible directement\u00a0depuis chez vous.<\/p>\n<p class=\"text-build-content\" style=\"text-align: justify;\" data-testid=\"AwP_Bes2fI\">Inscrivez-vous d\u00e8s \u00e0 pr\u00e9sent pour la ou les s\u00e9ance\u00b7s de votre choix pour recevoir toutes les informations pratiques.<\/p>\n<\/div>\n<\/td>\n<\/tr>\n<tr style=\"height: 24px;\">\n<td style=\"height: 24px;\"><\/td>\n<\/tr>\n<tr style=\"height: 973px;\">\n<td style=\"height: 973px;\" align=\"left\">\n<div>\n<p class=\"text-build-content\" data-testid=\"lNdL2nUUlKc\"><a class=\"link-build-content\" href=\"https:\/\/www.migrantscene.org\/un-festival-engage\/edition-2020\/?utm_campaign=MS20&amp;utm_medium=email&amp;utm_source=EM1_MS20\" target=\"_blank\" rel=\"noopener noreferrer\"><b><u><span style=\"font-size: 14pt;\">Au programme sur vos \u00e9crans :<\/span><\/u><\/b><\/a><\/p>\n<p class=\"text-build-content\" data-testid=\"lNdL2nUUlKc\"><b>\u2022<span style=\"font-size: 14pt;\"> Le samedi 14 novembre \u00e0 17h, projection du documentaire &#8220;Qu\u2019as-tu fait de ton fr\u00e8re ? Madeleine Barot et La Cimade&#8221; <\/span><\/b><span style=\"font-size: 14pt;\">de V\u00e9ronick Beaulieu<\/span><\/p>\n<p class=\"text-build-content\" style=\"text-align: justify;\" data-testid=\"lNdL2nUUlKc\">Ce documentaire de 30 minutes revient sur le parcours de cette figure marquante du protestantisme et de la R\u00e9sistance,et fondatrice de notre association.<\/p>\n<p class=\"text-build-content\" style=\"text-align: justify;\" data-testid=\"lNdL2nUUlKc\">Cette projection sera suivie d\u2019un d\u00e9bat avec V\u00e9ronick Beaulieu, r\u00e9alisatrice du film, Henry Masson, Pr\u00e9sident de La Cimade, et Genevi\u00e8ve Jacques, ancienne Pr\u00e9sidente et ancienne Secr\u00e9taire g\u00e9n\u00e9rale de La Cimade.<\/p>\n<p class=\"text-build-content\" data-testid=\"lNdL2nUUlKc\"><a class=\"link-build-content\" href=\"https:\/\/lacimade.typeform.com\/to\/rmhY18vB\" target=\"_blank\" rel=\"noopener noreferrer\"><i><b><u>Je m\u2019inscris pour cette projection<\/u><\/b><\/i><\/a><\/p>\n<p data-testid=\"lNdL2nUUlKc\">\n<\/div>\n<div>\n<p class=\"text-build-content\" data-testid=\"lNdL2nUUlKc\"><b>\u2022 <span style=\"font-size: 14pt;\">Le mercredi 18 novembre \u00e0 19h30,\u00a0<\/span><\/b><br \/>\n<span style=\"font-size: 14pt;\"><b>projection du documentaire &#8220;Just kids&#8221; <\/b>de Mathias Pardo<\/span><\/p>\n<p class=\"text-build-content\" style=\"text-align: justify;\" data-testid=\"lNdL2nUUlKc\">Suivez pendant 1h30 le parcours \u00e9mouvant de l\u2019\u00e9quipe de football Melting Passes, compos\u00e9e de jeunes en danger isol\u00e9s.<\/p>\n<p class=\"text-build-content\" style=\"text-align: justify;\" data-testid=\"lNdL2nUUlKc\">Cette projection sera suivie d\u2019un d\u00e9bat avec des membres de l\u2019\u00e9quipe du film et Violaine Husson, responsable nationale des questions Genre et Protections \u00e0 La Cimade.<\/p>\n<p class=\"text-build-content\" data-testid=\"lNdL2nUUlKc\"><a class=\"link-build-content\" href=\"https:\/\/lacimade.typeform.com\/to\/nOZhB2AG\" target=\"_blank\" rel=\"noopener noreferrer\"><i><b><u>Je m\u2019inscris pour cette projection<\/u><\/b><\/i><\/a><\/p>\n<p data-testid=\"lNdL2nUUlKc\">\n<p class=\"text-build-content\" data-testid=\"lNdL2nUUlKc\"><b>\u2022<span style=\"font-size: 14pt;\"> Le samedi 21 novembre \u00e0 17h, projection du documentaire\u00a0<\/span><\/b><br \/>\n<span style=\"font-size: 14pt;\"><b>&#8220;Je m\u2019anime pour mes droits&#8221;<\/b> de Ludovic Versace<\/span><\/p>\n<p class=\"text-build-content\" style=\"text-align: justify;\" data-testid=\"lNdL2nUUlKc\">Des enfants vivant dans des bidonvilles de la Seine-Saint-Denis ont d\u00e9cid\u00e9 de raconter au travers de ce court film d\u2019animation leur v\u00e9cu d\u2019enfant, entre pr\u00e9carit\u00e9 et exclusion.<\/p>\n<p class=\"text-build-content\" style=\"text-align: justify;\" data-testid=\"lNdL2nUUlKc\">La projection sera suivie d\u2019un d\u00e9bat avec le r\u00e9alisateur, Ludovic Versace, et Clara Pichon, charg\u00e9e de m\u00e9diation et d\u2019accompagnement des familles de culture Rom \u00e0 La Cimade \u00e0 Montpellier.<\/p>\n<p class=\"text-build-content\" data-testid=\"lNdL2nUUlKc\"><a class=\"link-build-content\" href=\"https:\/\/lacimade.typeform.com\/to\/kdjEVHot\" target=\"_blank\" rel=\"noopener noreferrer\"><i><b><u>Je m\u2019inscris pour cette projection<\/u><\/b><\/i><\/a><\/p>\n<\/div>\n<p class=\"text-build-content\" data-testid=\"lNdL2nUUlKc\">\n<p class=\"yiv3540984090text-build-content\"><b>\u2022 Le mercredi 25 novembre \u00e0 19h : projection du documentaire \u00ab Tata Milouda \u00bb de Nadja Harek<\/b><b>\u00a0<\/b><\/p>\n<p class=\"yiv3540984090text-build-content\">Dans ce documentaire, d\u00e9couvrez Tata Milouda, arriv\u00e9e en France en 1989, contrainte par son mari violent \u00e0 faire des m\u00e9nages pour payer leur maison au Maroc. Sans papiers, exploit\u00e9e et loin de ses enfants, elle d\u00e9cide de prendre les r\u00eanes de son destin et sa d\u00e9termination la conduira sur les planches du th\u00e9\u00e2tre.<\/p>\n<p class=\"yiv3540984090text-build-content\"><b>La projection sera suivie d\u2019un d\u00e9bat<\/b> avec Tata Milouda, la r\u00e9alisatrice Nadja Harek (sous r\u00e9serve), Violaine Husson, responsable nationale Genre et Protections \u00e0 La Cimade, Marianne Bel, charg\u00e9e des actions socio-linguistiques \u00e0 La\u00a0Cimade.<\/p>\n<p class=\"yiv3540984090text-build-content\"><a class=\"yiv3540984090link-build-content\" href=\"http:\/\/courrier.lacimade.org\/lnk\/AGYAAF-Pa1UAAco8HjwAAGyk-foAARpeaNUAIchSAAfWFQBfvnn0KohVtFHGS3Ggvig5FIXl0AAHT7k\/4\/JBW7f3qgZMzMehG0yO7Rfg\/aHR0cHM6Ly9sYWNpbWFkZS50eXBlZm9ybS5jb20vdG8vbDg4M2pPbmc_dXRtX2NvbnRlbnQ9Y29udGVudQ\" target=\"_blank\" rel=\"nofollow noopener noreferrer\"><i><b><u>Je m\u2019inscris pour cette projection<\/u><\/b><\/i><\/a><\/p>\n<p class=\"yiv3540984090text-build-content\">\n<p class=\"yiv3540984090text-build-content\"><b>\u2022 Le vendredi 27 novembre \u00e0 19h : projection du film \u00ab\u00a0Roads\u00a0\u00bb de S\u00e9bastian Schipper<\/b><\/p>\n<p class=\"yiv3540984090text-build-content\">Deux jeunes gar\u00e7ons de 18 ans, un Anglais en rupture familiale et William, un Congolais \u00e0 la recherche de son fr\u00e8re disparu en Europe, traversent ensemble le Maroc, l\u2019Espagne et la France jusqu\u2019\u00e0 Calais. Ce road-movie s\u00e9duira autant les adultes que les adolescent\u2219e\u2219s.<\/p>\n<p class=\"yiv3540984090text-build-content\"><b>La projection sera suivie d\u2019un d\u00e9bat<\/b> avec B\u00e9n\u00e9dicte Vacquerel, d\u00e9l\u00e9gu\u00e9e nationale de La Cimade en Normandie, Lydie Arbogast, responsable nationale des questions europ\u00e9ennes \u00e0 La Cimade, et Marie Florin, b\u00e9n\u00e9vole \u00e0 M\u00e9decins du monde, responsable de mission sur le programme Nord littoral.<\/p>\n<p class=\"yiv3540984090text-build-content\"><a class=\"yiv3540984090link-build-content\" href=\"http:\/\/courrier.lacimade.org\/lnk\/AGYAAF-Pa1UAAco8HjwAAGyk-foAARpeaNUAIchSAAfWFQBfvnn0KohVtFHGS3Ggvig5FIXl0AAHT7k\/5\/Oqlxhtdbu9iDJVxtVgBcZw\/aHR0cHM6Ly9sYWNpbWFkZS50eXBlZm9ybS5jb20vdG8velNOWmFVVlg_dXRtX2NvbnRlbnQ9Y29udGVudQ\" target=\"_blank\" rel=\"nofollow noopener noreferrer\"><i><b><u>Je m\u2019inscris pour cette projection<\/u><\/b><\/i><\/a><\/p>\n<p class=\"yiv3540984090text-build-content\">\n<p class=\"yiv3540984090text-build-content\">\n<p class=\"yiv3540984090text-build-content\"><b>\u2022 Le samedi 28 novembre \u00e0 17h : projection-d\u00e9bat du documentaire \u00ab Les nouveaux habitants \u00bb d\u2019Emmanuel Chevilliat et Victorien Tardif<\/b><\/p>\n<p class=\"yiv3540984090text-build-content\">Dans ce documentaire, vous suivrez l\u2019installation d\u2019une soixantaine de personnes exil\u00e9es dans l\u2019ancien h\u00f4pital du village des Vans. \u00a0Au-del\u00e0 des clivages politiques et id\u00e9ologiques, le village s\u2019organise alors pour aider Ces nouveaux habitants \u00e0 trouver leur place.<\/p>\n<p class=\"yiv3540984090text-build-content\">La projection sera suivie d\u2019un d\u00e9bat avec Victorien Tardif, r\u00e9alisateur du film, et Marc et Sabine, b\u00e9n\u00e9voles du groupe local de La Cimade \u00e0 Peyrelevade.<\/p>\n<p class=\"yiv3540984090text-build-content\"><a class=\"yiv3540984090link-build-content\" href=\"http:\/\/courrier.lacimade.org\/lnk\/AGYAAF-Pa1UAAco8HjwAAGyk-foAARpeaNUAIchSAAfWFQBfvnn0KohVtFHGS3Ggvig5FIXl0AAHT7k\/6\/wjeptsz_DcUFPt6pho5rMA\/aHR0cHM6Ly9sYWNpbWFkZS50eXBlZm9ybS5jb20vdG8veXg3S0c4dzk_dXRtX2NvbnRlbnQ9Y29udGVudQ\" target=\"_blank\" rel=\"nofollow noopener noreferrer\"><i><b><u>Je m\u2019inscris pour cette projection<\/u><\/b><\/i><\/a><\/p>\n<p class=\"yiv3540984090text-build-content\">\n<p class=\"yiv3540984090text-build-content\"><b>\u2022 Le mardi 1er d\u00e9cembre \u00e0 19h : projection-d\u00e9bat du documentaire \u00ab Demain est si loin \u00bb de Muriel Cravatte<\/b><\/p>\n<p class=\"yiv3540984090text-build-content\">A la fronti\u00e8re franco-italienne, les personnes exil\u00e9es prennent de plus en plus de risques pour \u00e9chapper aux traques polici\u00e8res. Demain est si loin nous emm\u00e8ne dans ces montagnes o\u00f9 des \u00a0Brian\u00e7onnais\u2219e\u2219s tentent de les secourir, s\u2019exposant ainsi aux poursuites judiciaires et aux Identitaires.<\/p>\n<p class=\"yiv3540984090text-build-content\"><b>La projection sera suivie d\u2019un d\u00e9bat<\/b> avec la r\u00e9alisatrice Muriel Cravatte et Agn\u00e8s Lerolle, charg\u00e9e de projet de la Coordination d\u2019action aux fronti\u00e8res int\u00e9rieures (CAFI), projet pilot\u00e9 par Amnesty International France, La Cimade, M\u00e9decins du monde, M\u00e9decins sans fronti\u00e8res et le Secours Catholique-Caritas France.<\/p>\n<p class=\"yiv3540984090text-build-content\"><a class=\"yiv3540984090link-build-content\" href=\"http:\/\/courrier.lacimade.org\/lnk\/AGYAAF-Pa1UAAco8HjwAAGyk-foAARpeaNUAIchSAAfWFQBfvnn0KohVtFHGS3Ggvig5FIXl0AAHT7k\/7\/YdFuPBrVyNarFkRX9W-brg\/aHR0cHM6Ly9sYWNpbWFkZS50eXBlZm9ybS5jb20vdG8vTXhRcGNwUHg_dXRtX2NvbnRlbnQ9Y29udGVudQ\" target=\"_blank\" rel=\"nofollow noopener noreferrer\"><i><b><u>Je m\u2019inscris pour cette projection<\/u><\/b><\/i><\/a><\/p>\n<p>&nbsp;<\/p>\n<p class=\"yiv3540984090text-build-content\">\n<p class=\"yiv3540984090text-build-content\"><b>\u2022<\/b><b> <\/b><b>Le vendredi 4 d\u00e9cembre \u00e0 19h30 : projection-d\u00e9bat du documentaire \u00ab D\u2019apr\u00e8s Arnal \u00bb de Christophe Vindis et Rubi Scrive-Loyer<\/b><\/p>\n<p class=\"yiv3540984090text-build-content\">Pif le chien reste dans la m\u00e9moire de beaucoup, mais qui \u00e9tait son dessinateur, Jos\u00e9 Cabrero Arnal ? R\u00e9ponse dans ce documentaire de reconstitution ou l\u2019acteur Denis Lavant incarne le caricaturiste, nous menant de la guerre d\u2019Espagne \u00e0 son exil en France puis \u00e0 l\u2019horreur concentrationnaire.<\/p>\n<p class=\"yiv3540984090text-build-content\"><b>La projection sera suivie d\u2019un d\u00e9bat<\/b> avec le r\u00e9alisateur Christophe Vindis et Genevi\u00e8ve Jacques, ex Pr\u00e9sidente, ex Secr\u00e9taire G\u00e9n\u00e9rale de La Cimade, b\u00e9n\u00e9vole accompagnement juridique.<\/p>\n<p class=\"yiv3540984090text-build-content\"><a class=\"yiv3540984090link-build-content\" href=\"http:\/\/courrier.lacimade.org\/lnk\/AGYAAF-Pa1UAAco8HjwAAGyk-foAARpeaNUAIchSAAfWFQBfvnn0KohVtFHGS3Ggvig5FIXl0AAHT7k\/8\/xN9xFxMbMzassX_CMFrAZg\/aHR0cHM6Ly9sYWNpbWFkZS50eXBlZm9ybS5jb20vdG8vU2R6RTlidjQ_dXRtX2NvbnRlbnQ9Y29udGVudQ\" target=\"_blank\" rel=\"nofollow noopener noreferrer\"><i><b><u>Je m\u2019inscris pour cette projection<\/u><\/b><\/i><\/a><\/p>\n<p>&nbsp;<\/p>\n<p><b>Ensemble r\u00e9sistons au confinement des esprits !<\/b><\/td>\n<\/tr>\n<tr style=\"height: 10px;\">\n<td style=\"height: 10px;\" align=\"left\"><\/td>\n<\/tr>\n<\/tbody>\n<\/table>\n<\/div>\n<\/td>\n<\/tr>\n<\/tbody>\n<\/table>\n<\/div>","excerpt":"<p><\/p>","slug":"migrantscene-2020-devient-migrantscreen","image":{"url":"https:\/\/paroles-de-bibs.org\/wp-content\/uploads\/2020\/11\/2020_visuel_migrantscene_image_facebook.jpg","id":3325,"extension":"jpg","width":1200,"height":630,"sizes":{"medium":{"width":300,"height":158,"mime-type":"image\/jpeg","url":"https:\/\/paroles-de-bibs.org\/wp-content\/uploads\/2020\/11\/2020_visuel_migrantscene_image_facebook-300x158.jpg"},"large":{"width":1024,"height":538,"mime-type":"image\/jpeg","url":"https:\/\/paroles-de-bibs.org\/wp-content\/uploads\/2020\/11\/2020_visuel_migrantscene_image_facebook-1024x538.jpg"},"thumbnail":{"width":148,"height":150,"mime-type":"image\/jpeg","url":"https:\/\/paroles-de-bibs.org\/wp-content\/uploads\/2020\/11\/2020_visuel_migrantscene_image_facebook-148x150.jpg"},"medium_large":{"width":768,"height":403,"mime-type":"image\/jpeg","url":"https:\/\/paroles-de-bibs.org\/wp-content\/uploads\/2020\/11\/2020_visuel_migrantscene_image_facebook-768x403.jpg"},"gtl-multipurpose-img-525-350":{"width":525,"height":350,"mime-type":"image\/jpeg","url":"https:\/\/paroles-de-bibs.org\/wp-content\/uploads\/2020\/11\/2020_visuel_migrantscene_image_facebook-525x350.jpg"},"gtl-multipurpose-img-585-500":{"width":585,"height":500,"mime-type":"image\/jpeg","url":"https:\/\/paroles-de-bibs.org\/wp-content\/uploads\/2020\/11\/2020_visuel_migrantscene_image_facebook-585x500.jpg"},"gtl-multipurpose-img-330-200":{"width":330,"height":200,"mime-type":"image\/jpeg","url":"https:\/\/paroles-de-bibs.org\/wp-content\/uploads\/2020\/11\/2020_visuel_migrantscene_image_facebook-330x200.jpg"},"gtl-multipurpose-img-250-380":{"width":250,"height":380,"mime-type":"image\/jpeg","url":"https:\/\/paroles-de-bibs.org\/wp-content\/uploads\/2020\/11\/2020_visuel_migrantscene_image_facebook-250x380.jpg"},"gtl-multipurpose-img-105-70":{"width":105,"height":70,"mime-type":"image\/jpeg","url":"https:\/\/paroles-de-bibs.org\/wp-content\/uploads\/2020\/11\/2020_visuel_migrantscene_image_facebook-105x70.jpg"},"gtl-multipurpose-img-46-54":{"width":46,"height":54,"mime-type":"image\/jpeg","url":"https:\/\/paroles-de-bibs.org\/wp-content\/uploads\/2020\/11\/2020_visuel_migrantscene_image_facebook-46x54.jpg"}}},"all_day":true,"start_date":"2020-11-14 00:00:00","start_date_details":{"year":"2020","month":"11","day":"14","hour":"00","minutes":"00","seconds":"00"},"end_date":"2020-12-06 23:59:59","end_date_details":{"year":"2020","month":"12","day":"06","hour":"23","minutes":"59","seconds":"59"},"utc_start_date":"2020-11-13 23:00:00","utc_start_date_details":{"year":"2020","month":"11","day":"13","hour":"23","minutes":"00","seconds":"00"},"utc_end_date":"2020-12-06 22:59:59","utc_end_date_details":{"year":"2020","month":"12","day":"06","hour":"22","minutes":"59","seconds":"59"},"timezone":"Europe\/Paris","timezone_abbr":"CET","cost":"","cost_details":{"currency_symbol":"","currency_position":"suffix","values":[]},"website":"https:\/\/www.migrantscene.org\/","show_map":false,"show_map_link":false,"hide_from_listings":false,"sticky":false,"featured":false,"categories":[{"name":"Actualit\u00e9s","slug":"actualites","term_group":0,"term_taxonomy_id":293,"taxonomy":"tribe_events_cat","description":"","parent":0,"count":16,"filter":"raw","term_order":"0","id":293,"urls":{"self":"https:\/\/paroles-de-bibs.org\/index.php?rest_route=\/tribe\/events\/v1\/categories\/293","collection":"https:\/\/paroles-de-bibs.org\/index.php?rest_route=\/tribe\/events\/v1\/categories"}}],"tags":[{"name":"Migrants","slug":"migrants","term_group":0,"term_taxonomy_id":318,"taxonomy":"post_tag","description":"","parent":0,"count":5,"filter":"raw","term_order":"0","id":318,"urls":{"self":"https:\/\/paroles-de-bibs.org\/index.php?rest_route=\/tribe\/events\/v1\/tags\/318","collection":"https:\/\/paroles-de-bibs.org\/index.php?rest_route=\/tribe\/events\/v1\/tags"}}],"venue":[],"organizer":[{"id":3343,"author":"1","status":"publish","date":"2020-11-14 15:02:22","date_utc":"2020-11-14 14:02:22","modified":"2020-11-14 15:02:22","modified_utc":"2020-11-14 14:02:22","url":"https:\/\/paroles-de-bibs.org\/?tribe_organizer=la-cimade-3","organizer":"La Cimade","excerpt":"<p><\/p>","slug":"la-cimade-3","json_ld":{"@type":"Person","name":"La Cimade","description":"","url":"","telephone":"","email":"","sameAs":""},"global_id":"paroles-de-bibs.org?id=3343","global_id_lineage":["paroles-de-bibs.org?id=3343"]}],"json_ld":{"@context":"http:\/\/schema.org","@type":"Event","name":"Migrant&#8217;sc\u00e8ne 2020 devient Migrant&#8217;screen","description":"&lt;p&gt;Le 1er festival online : Migrant\u2019screen!\u00a0 Le festival Migrant\u2019sc\u00e8ne devait d\u00e9marrer ce samedi 14, avec 200 \u00e9v\u00e8nements un peu partout en France. Malheureusement, confinement oblige, nous avons d\u00fb annuler tous [&hellip;]&lt;\/p&gt;\\n","image":"https:\/\/paroles-de-bibs.org\/wp-content\/uploads\/2020\/11\/2020_visuel_migrantscene_image_facebook.jpg","url":"https:\/\/paroles-de-bibs.org\/?tribe_events=migrantscene-2020-devient-migrantscreen","startDate":"2020-11-14T00:00:00+01:00","endDate":"2020-12-06T23:59:59+01:00","organizer":{"@type":"Person","name":"La Cimade","description":"","url":"","telephone":"","email":"","sameAs":""},"performer":"Organization"}}