{"id":3145,"global_id":"paroles-de-bibs.org?id=3145","global_id_lineage":["paroles-de-bibs.org?id=3145"],"author":"1","status":"publish","date":"2020-04-02 12:48:57","date_utc":"2020-04-02 10:48:57","modified":"2020-04-02 12:56:14","modified_utc":"2020-04-02 10:56:14","url":"https:\/\/paroles-de-bibs.org\/?tribe_events=seance-2-de-cinema-en-ligne-jaimerais-que-tu-restes","rest_url":"https:\/\/paroles-de-bibs.org\/index.php?rest_route=\/tribe\/events\/v1\/events\/3145","title":"S\u00e9ance 2 de cin\u00e9ma en ligne   J&#8217;aimerais que tu restes","description":"<h1 class=\"yiv6290291602null\"><strong>J&#8217;aimerais que tu restes<\/strong><\/h1>\n<ul>\n<li><strong>un film documentaire d&#8217;Elo\u00efse Lebourg<\/strong><\/li>\n<li><strong>Le vendredi 3 avril \u00e0 20h et samedi 4 avril \u00e0 18h<\/strong><\/li>\n<li><strong>En direct sur Facebook<\/strong><\/li>\n<\/ul>\n<div><\/div>\n<div><\/div>\n<div>\n<p>&nbsp;<\/p>\n<\/div>\n<p>&nbsp;<\/p>\n<p style=\"text-align: justify;\"><span style=\"font-size: 14pt;\">Pendant deux mois, la r\u00e9alisatrice Elo\u00efse Lebourg a film\u00e9 des migrant-e-s impliqu\u00e9-es au caf\u00e9-lecture Les Augustes. Le film, J\u2019aimerais que tu restes, devait \u00eatre projet\u00e9 le week-end dernier au cin\u00e9ma Le Rio et au caf\u00e9-lecture. Confinement oblige, il sera diffus\u00e9 en direct sur les pages Facebook de M\u00e9diacoop, du caf\u00e9-lecture Les Augustes, du cin\u00e9ma Le Rio et de Radio Campus vendredi 3 avril \u00e0 20h et samedi 4 avril \u00e0 15h.<\/span><br \/>\n<span style=\"font-size: 14pt;\">La diffusion sera accompagn\u00e9e d\u2019une cagnotte en ligne sur le site de M\u00e9diacoop, dont la moiti\u00e9 sera revers\u00e9e au cin\u00e9ma Le Rio pour l\u2019aider \u00e0 traverser cette p\u00e9riode de fermeture administrative.<\/span><\/p>\n<p style=\"text-align: justify;\"><span style=\"font-size: 14pt;\">Le projet Visages de Migrations, une d\u00e9marche participative pour changer de regard sur la migration<\/span><br \/>\n<span style=\"font-size: 14pt;\">Par la collaboration avec de nombreux partenaires (Radio Campus, le centre FLEURA, les Petits D\u00e9brouillards, la Ligue Cartonera, Caciaura\u2026), le caf\u00e9-lecture a cherch\u00e9 \u00e0 impliquer largement le public dans ce changement de regard sur la migration. Ateliers participatifs autour de l\u2019affiche et du site web du film, cr\u00e9ation d\u2019\u00e9missions de radio et de livres, conf\u00e9rences, projections, mise en avant des pays d\u2019origine des participants\u2026<\/span><br \/>\n<span style=\"font-size: 14pt;\">C\u2019est pourquoi les diffusions en direct seront pr\u00e9c\u00e9d\u00e9es et suivies de deux \u00e9missions co-construites sur Radio Campus Clermont-Ferrand : la premi\u00e8re jeudi 2 avril \u00e0 18h, qui reviendra sur le projet Visages de Migrations, et la seconde samedi 4 avril \u00e0 18h, centr\u00e9e sur le tournage du film et ses personnages.<\/span><\/p>\n<p style=\"text-align: justify;\"><span style=\"font-size: 14pt;\">Un projet financ\u00e9 par Frame, Voice, Report !<\/span><br \/>\n<span style=\"font-size: 14pt;\">Le projet Visages de Migrations a \u00e9merg\u00e9 suite \u00e0 l\u2019appel \u00e0 projet Frame, Voice, Report ! lanc\u00e9 par l\u2019association R\u00e9sacoop en 2018. Cette appel \u00e0 projet finance, par des fonds europ\u00e9ens, des projets de coop\u00e9ration entre des acteurs de terrain et des m\u00e9dias pour donner la parole aux acteurs du Sud et ainsi changer le regard sur la solidarit\u00e9 internationale. L\u2019ann\u00e9e derni\u00e8re, c\u2019est notamment le film \u00ab Morabeza, la force du mouvement \u00bb de J\u00e9r\u00e9my Billon et Benjamin Vallet, produit par M\u00e9diacoop, qui avait \u00e9t\u00e9 financ\u00e9 via cet appel \u00e0 projets.<\/span><\/p>\n<p>&nbsp;<\/p>\n<p><iframe loading=\"lazy\" src=\"\/\/player.vimeo.com\/video\/402884857?title=0&amp;amp;byline=0\" width=\"640\" height=\"360\" frameborder=\"0\" allowfullscreen=\"allowfullscreen\" data-mce-fragment=\"1\"><\/iframe><\/p>\n<p style=\"text-align: center;\"><a href=\"https:\/\/vimeo.com\/402884857\" rel=\"lightbox-video-0\" data-type=\"vimeo\">[Teaser] J&#8217;aimerais que tu restes<\/a> from <a href=\"https:\/\/vimeo.com\/mediacoopofficiel\">MEDIACOOP (Officiel)<\/a> on <a href=\"https:\/\/vimeo.com\">Vimeo<\/a>.<\/p>\n<p>&nbsp;<\/p>\n<p style=\"text-align: left;\"><strong>POUR VOIR LE FILM RENDEZ-VOUS SUR LES PAGES FACEBOOK DE<\/strong><\/p>\n<p><a href=\"https:\/\/cinemalerio.us3.list-manage.com\/track\/click?u=af4dbaad2e8510c24080349c6&amp;id=e809e4394b&amp;e=c2a8da4129\" target=\"_blank\" rel=\"nofollow noopener noreferrer\">MEDIACOOP<\/a><br \/>\n<a href=\"https:\/\/cinemalerio.us3.list-manage.com\/track\/click?u=af4dbaad2e8510c24080349c6&amp;id=ce0d5b89b0&amp;e=c2a8da4129\" target=\"_blank\" rel=\"nofollow noopener noreferrer\">CAFE-LECTURE LES AUGUSTES<\/a><br \/>\n<a href=\"https:\/\/cinemalerio.us3.list-manage.com\/track\/click?u=af4dbaad2e8510c24080349c6&amp;id=c199c30437&amp;e=c2a8da4129\" target=\"_blank\" rel=\"nofollow noopener noreferrer\">RADIO CAMPUS CLERMONT FERRAND<\/a><br \/>\n<a href=\"https:\/\/cinemalerio.us3.list-manage.com\/track\/click?u=af4dbaad2e8510c24080349c6&amp;id=8e3062912b&amp;e=c2a8da4129\" target=\"_blank\" rel=\"nofollow noopener noreferrer\">LE RIO<\/a><\/p>","excerpt":"<p><\/p>","slug":"seance-2-de-cinema-en-ligne-jaimerais-que-tu-restes","image":{"url":"https:\/\/paroles-de-bibs.org\/wp-content\/uploads\/2020\/04\/Jaimerais-que-tu-restes.png","id":3128,"extension":"png","width":960,"height":562,"sizes":{"medium":{"width":300,"height":176,"mime-type":"image\/png","url":"https:\/\/paroles-de-bibs.org\/wp-content\/uploads\/2020\/04\/Jaimerais-que-tu-restes-300x176.png"},"thumbnail":{"width":148,"height":150,"mime-type":"image\/png","url":"https:\/\/paroles-de-bibs.org\/wp-content\/uploads\/2020\/04\/Jaimerais-que-tu-restes-148x150.png"},"medium_large":{"width":768,"height":450,"mime-type":"image\/png","url":"https:\/\/paroles-de-bibs.org\/wp-content\/uploads\/2020\/04\/Jaimerais-que-tu-restes-768x450.png"},"gtl-multipurpose-img-525-350":{"width":525,"height":350,"mime-type":"image\/png","url":"https:\/\/paroles-de-bibs.org\/wp-content\/uploads\/2020\/04\/Jaimerais-que-tu-restes-525x350.png"},"gtl-multipurpose-img-585-500":{"width":585,"height":500,"mime-type":"image\/png","url":"https:\/\/paroles-de-bibs.org\/wp-content\/uploads\/2020\/04\/Jaimerais-que-tu-restes-585x500.png"},"gtl-multipurpose-img-330-200":{"width":330,"height":200,"mime-type":"image\/png","url":"https:\/\/paroles-de-bibs.org\/wp-content\/uploads\/2020\/04\/Jaimerais-que-tu-restes-330x200.png"},"gtl-multipurpose-img-250-380":{"width":250,"height":380,"mime-type":"image\/png","url":"https:\/\/paroles-de-bibs.org\/wp-content\/uploads\/2020\/04\/Jaimerais-que-tu-restes-250x380.png"},"gtl-multipurpose-img-105-70":{"width":105,"height":70,"mime-type":"image\/png","url":"https:\/\/paroles-de-bibs.org\/wp-content\/uploads\/2020\/04\/Jaimerais-que-tu-restes-105x70.png"},"gtl-multipurpose-img-46-54":{"width":46,"height":54,"mime-type":"image\/png","url":"https:\/\/paroles-de-bibs.org\/wp-content\/uploads\/2020\/04\/Jaimerais-que-tu-restes-46x54.png"}}},"all_day":false,"start_date":"2020-04-04 15:00:00","start_date_details":{"year":"2020","month":"04","day":"04","hour":"15","minutes":"00","seconds":"00"},"end_date":"2020-04-04 17:00:00","end_date_details":{"year":"2020","month":"04","day":"04","hour":"17","minutes":"00","seconds":"00"},"utc_start_date":"2020-04-04 13:00:00","utc_start_date_details":{"year":"2020","month":"04","day":"04","hour":"13","minutes":"00","seconds":"00"},"utc_end_date":"2020-04-04 15:00:00","utc_end_date_details":{"year":"2020","month":"04","day":"04","hour":"15","minutes":"00","seconds":"00"},"timezone":"Europe\/Paris","timezone_abbr":"CEST","cost":"","cost_details":{"currency_symbol":"","currency_position":"suffix","values":[]},"website":"http:\/\/mediacoop.fr\/","show_map":false,"show_map_link":false,"hide_from_listings":false,"sticky":false,"featured":false,"categories":[{"name":"Actualit\u00e9s","slug":"actualites","term_group":0,"term_taxonomy_id":293,"taxonomy":"tribe_events_cat","description":"","parent":0,"count":16,"filter":"raw","term_order":"0","id":293,"urls":{"self":"https:\/\/paroles-de-bibs.org\/index.php?rest_route=\/tribe\/events\/v1\/categories\/293","collection":"https:\/\/paroles-de-bibs.org\/index.php?rest_route=\/tribe\/events\/v1\/categories"}}],"tags":[],"venue":[],"organizer":[{"id":3135,"author":"1","status":"publish","date":"2020-04-02 12:50:39","date_utc":"2020-04-02 10:50:39","modified":"2020-04-02 12:50:39","modified_utc":"2020-04-02 10:50:39","url":"https:\/\/paroles-de-bibs.org\/?tribe_organizer=mediacoop-4","organizer":"M\u00e9diacoop","excerpt":"<p><\/p>","slug":"mediacoop-4","website":"http:\/\/mediacoop.fr\/","json_ld":{"@type":"Person","name":"M\u00e9diacoop","description":"","url":"","telephone":"","email":"","sameAs":"http:\/\/mediacoop.fr\/"},"global_id":"paroles-de-bibs.org?id=3135","global_id_lineage":["paroles-de-bibs.org?id=3135"]},{"id":1779,"author":"1","status":"publish","date":"2019-12-04 23:03:07","date_utc":"2019-12-04 22:03:07","modified":"2019-12-04 23:03:07","modified_utc":"2019-12-04 22:03:07","url":"https:\/\/paroles-de-bibs.org\/?tribe_organizer=cinema-le-rio","organizer":"Cin\u00e9ma Le Rio","excerpt":"<p><\/p>","slug":"cinema-le-rio","website":"http:\/\/www.cinemalerio.com\/2015\/","json_ld":{"@type":"Person","name":"Cin\u00e9ma Le Rio","description":"","url":"","telephone":"","email":"","sameAs":"http:\/\/www.cinemalerio.com\/2015\/"},"global_id":"paroles-de-bibs.org?id=1779","global_id_lineage":["paroles-de-bibs.org?id=1779"]},{"id":1848,"author":"1","status":"publish","date":"2019-10-24 18:09:11","date_utc":"2019-10-24 16:09:11","modified":"2019-10-25 18:58:06","modified_utc":"2019-10-25 16:58:06","url":"https:\/\/paroles-de-bibs.org\/?tribe_organizer=cafe-lecture-les-augustes","organizer":"Caf\u00e9 Lecture Les Augustes","excerpt":"<p><\/p>","slug":"cafe-lecture-les-augustes","website":"https:\/\/www.cafelesaugustes.fr\/","json_ld":{"@type":"Person","name":"Caf\u00e9 Lecture Les Augustes","description":"","url":"","telephone":"","email":"","sameAs":"https:\/\/www.cafelesaugustes.fr\/"},"global_id":"paroles-de-bibs.org?id=1848","global_id_lineage":["paroles-de-bibs.org?id=1848"]}],"json_ld":{"@context":"http:\/\/schema.org","@type":"Event","name":"S\u00e9ance 2 de cin\u00e9ma en ligne   J&#8217;aimerais que tu restes","description":"&lt;p&gt;J\\'aimerais que tu restes un film documentaire d\\'Elo\u00efse Lebourg Le vendredi 3 avril \u00e0 20h et samedi 4 avril \u00e0 18h En direct sur Facebook &nbsp; &nbsp; Pendant deux mois, [&hellip;]&lt;\/p&gt;\\n","image":"https:\/\/paroles-de-bibs.org\/wp-content\/uploads\/2020\/04\/Jaimerais-que-tu-restes.png","url":"https:\/\/paroles-de-bibs.org\/?tribe_events=seance-2-de-cinema-en-ligne-jaimerais-que-tu-restes","startDate":"2020-04-04T15:00:00+02:00","endDate":"2020-04-04T17:00:00+02:00","organizer":{"@type":"Person","name":"M\u00e9diacoop","description":"","url":"","telephone":"","email":"","sameAs":"http:\/\/mediacoop.fr\/"},"performer":"Organization"}}