{"id":3077,"global_id":"paroles-de-bibs.org?id=3077","global_id_lineage":["paroles-de-bibs.org?id=3077"],"author":"1","status":"publish","date":"2020-03-11 11:51:56","date_utc":"2020-03-11 10:51:56","modified":"2020-03-11 11:53:20","modified_utc":"2020-03-11 10:53:20","url":"https:\/\/paroles-de-bibs.org\/?tribe_events=placement-libre-du-cinema-au-theatre","rest_url":"https:\/\/paroles-de-bibs.org\/index.php?rest_route=\/tribe\/events\/v1\/events\/3077","title":"PLACEMENT LIBRE : DU CIN\u00c9MA AU TH\u00c9\u00c2TRE","description":"<p><span style=\"font-family: Calibri, serif;\"><div id=\"Block_wpape_gallery_69f019b375219\" style=\"width:100%;padding-left:5px;padding-top:5px;padding-right:5px;padding-bottom:5px; display: none;\"><div class=\"wpape_gallery_button wpape_gallery_align_left\"  id=\"wpape_gallery_69f019b375219filter\"><a class=\" apebtn apebtn-flat apebtn-primary  active\" style=\"margin-right:5px;margin-bottom:10px;\" href=\"#\" data-filter=\"*\">Home<\/a><a href=\"#\" data-filter=\".category3072\" class=\" apebtn apebtn-flat apebtn-primary \" style=\"margin-right:5px;margin-bottom:10px;\">Placement Libre<\/a><\/div><div id=\"wpape_gallery_69f019b375219\" data-options=\"wpape_gallery_69f019b375219\" style=\"width:100%;\" class=\"wpape_gallery\"><div class=\"wpape-img category3072\" ><div class=\"wpape-img-image  wpape-lightbox\"  ><div data-thumbnail=\"https:\/\/paroles-de-bibs.org\/wp-content\/uploads\/2020\/03\/soleil-de-nuit-300x169.jpg\" title=\"soleil de nuit\" data-width=\"300\" data-height=\"169\" ><\/div><div data-popup=\"https:\/\/paroles-de-bibs.org\/wp-content\/uploads\/2020\/03\/soleil-de-nuit-e1583923539106.jpg\"  title=\"soleil de nuit\"><\/div><div class=\"thumbnail-overlay\"><div class=\"wpapeTitle \">soleil de nuit<\/div><div class=\"wpapeIcons\"><i class=\"fa fa-search wpapeZoomIcon \" ><\/i><\/div><\/div><\/div><\/div><div class=\"wpape-img category3072\" ><div class=\"wpape-img-image  wpape-lightbox\"  ><div data-thumbnail=\"https:\/\/paroles-de-bibs.org\/wp-content\/uploads\/2020\/03\/Magma-300x168.jpg\" title=\"Magma\" data-width=\"300\" data-height=\"168\" ><\/div><div data-popup=\"https:\/\/paroles-de-bibs.org\/wp-content\/uploads\/2020\/03\/Magma.jpg\"  title=\"Magma\"><\/div><div class=\"thumbnail-overlay\"><div class=\"wpapeTitle \">Magma<\/div><div class=\"wpapeIcons\"><i class=\"fa fa-search wpapeZoomIcon \" ><\/i><\/div><\/div><\/div><\/div><\/div><\/div><script>var wpape_gallery_69f019b375219 = {\"filterContainer\": \"#wpape_gallery_69f019b375219filter\", \"touch\": 1, \"columns\": 3, \"columnWidth\": \"auto\", \"resolutions\": [ ,  , ], \"overlayEffect\": \"direction-aware-fade\", \"boxesToLoadStart\": \"9\", \"boxesToLoad\": \"6\", \"lazyLoad\": true, \"LoadingWord\": \"Gallery images loading\", \"loadMoreWord\": \"More images\", \"noMoreEntriesWord\": \"No images\", \"loadMoreClass\": \" apebtn apebtn-flat apebtn-primary \", \"horizontalSpaceBetweenBoxes\": 10, \"verticalSpaceBetweenBoxes\": 10}, wpape_gallery_69f019b375219_css = \"body .mfp-ready.mfp-bg{background-color: rgba(11,11,11,0.8);}.mfp-container .mfp-arrow{display:none;}#wpape_gallery_69f019b375219 .wpape-img-container{ -webkit-border-radius: 5px;-moz-border-radius: 5px;border-radius: 5px;}#wpape_gallery_69f019b375219 .wpapeTitle{ font-size:12px; line-height:88%; color:#ffffff;}#wpape_gallery_69f019b375219 .wpapeTitle:hover{color:#ffffff;}#wpape_gallery_69f019b375219 .thumbnail-overlay{background:rgba(7,7,7,0.5);}#wpape_gallery_69f019b375219 .wpapeZoomIcon{ font-size:22px; line-height:100%; color:#ffffff;background:rgba(0,0,0,0);}#wpape_gallery_69f019b375219 .wpapeZoomIcon:hover{color:#ffffff;background:rgba(0,0,0,0);}#wpape_gallery_69f019b375219 .image-with-dimensions{background-color: rgba(255,255,255,1);}body .mfp-title, body .mfp-counter{color: rgb(243,243,243);}\",apeGalleryDelay = 0; head = document.head || document.getElementsByTagName(\"head\")[0], style = document.createElement(\"style\"); style.type = \"text\/css\"; if (style.styleSheet) style.styleSheet.cssText = wpape_gallery_69f019b375219_css; \telse  style.appendChild(document.createTextNode(wpape_gallery_69f019b375219_css)); head.appendChild(style);<\/script><\/span><\/p>\n<p>&nbsp;<\/p>\n<p><span style=\"font-family: Calibri, serif;\">Cette ann\u00e9e, Le Rio s\u2019associe \u00e0 La Com\u00e9die &#8211; Sc\u00e8ne Nationale, autour du projet <\/span><span style=\"font-family: Calibri, serif;\"><b>PLACEMENT LIBRE : DU CIN\u00c9MA<\/b><\/span> <span style=\"font-family: Calibri, serif;\"><b>AU TH\u00c9\u00c2TRE <\/b><\/span><span style=\"font-family: Calibri, serif;\">afin de proposer des projections de films faisant \u00e9cho aux spectacles de la programmation th\u00e9\u00e2trale.<\/span><\/p>\n<p><span style=\"font-family: Calibri, serif;\"><span style=\"font-size: large;\"><b>Placement libre c\u2019est quoi ?<\/b><\/span><\/span><\/p>\n<p><span style=\"font-family: Calibri, serif;\">Placement libre c\u2019est un projet collectif en partenariat avec le cin\u00e9ma le Rio, men\u00e9 par un groupe d\u2019\u00e9tudiants en premi\u00e8re ann\u00e9e de master Direction de Projets ou \u00c9tablissements Culturels de l\u2019Universit\u00e9 Clermont Auvergne. Ces quatre \u00e9tudiants ont imagin\u00e9 une programmation qui r\u00e9unit deux arts en un seul parcours, le cin\u00e9ma et le th\u00e9\u00e2tre.<\/span><\/p>\n<p><span style=\"font-family: Calibri, serif;\">L\u2019objectif est de favoriser le croisement des disciplines artistiques ainsi que la circulation des publics entre le cin\u00e9ma le Rio et la Com\u00e9die Sc\u00e8ne nationale. Le film <\/span><span style=\"font-family: Calibri, serif;\"><i>Soleil de Nuit <\/i><\/span><span style=\"font-family: Calibri, serif;\">(Taylor Hackford, 1985) introduira le spectacle <\/span><span style=\"font-family: Calibri, serif;\"><i>Magma<\/i><\/span><span style=\"font-family: Calibri, serif;\"> (Christian Rizzo, 2019). Ces deux \u0153uvres mettent en sc\u00e8ne une rencontre entre deux univers chor\u00e9graphiques \u00e0 priori tr\u00e8s oppos\u00e9s (le ballet russe et les<\/span><\/p>\n<p><span style=\"font-family: Calibri, serif;\">claquettes afro-am\u00e9ricaines pour <\/span><span style=\"font-family: Calibri, serif;\"><i>Soleil de Nuit <\/i><\/span><span style=\"font-family: Calibri, serif;\">, le ballet classique et le flamenco dans <\/span><span style=\"font-family: Calibri, serif;\"><i>Magma <\/i><\/span><span style=\"font-family: Calibri, serif;\">), toujours dans le but de se faire rencontrer les arts entre eux.<\/span><\/p>\n<p><span style=\"font-family: Calibri, serif;\"><span style=\"font-size: large;\"><b>Placement libre c\u2019est quand ?<\/b><\/span><\/span><\/p>\n<p><span style=\"font-family: Calibri, serif;\">Rendez-vous le samedi 7 mars de 14h \u00e0 17h \u00e0 l\u2019Espace Nelson Mandela pour un atelier d\u2019initiation \u00e0 la danse contemporaine (gratuit &#8211; sur inscription), le jeudi 12 mars \u00e0 20h au Rio pour la projection du film <\/span><span style=\"font-family: Calibri, serif;\"><i>Soleil de Nuit <\/i><\/span><span style=\"font-family: Calibri, serif;\">et du 18 au 20 mars \u00e0 20h30 \u00e0 la Maison de la culture pour le spectacle <\/span><span style=\"font-family: Calibri, serif;\"><i>Magma <\/i><\/span><span style=\"font-family: Calibri, serif;\">.<\/span><\/p>\n<p align=\"CENTER\"><span style=\"color: #e36c0a;\"><span style=\"font-family: Calibri, serif;\"><span style=\"font-size: x-large;\"><b>Jeudi 12 mars \u00e0 20h<\/b><\/span><\/span><\/span><\/p>\n<p align=\"CENTER\"><span style=\"color: #4f81bd;\"><span style=\"font-family: Jaapokki, serif;\"><span style=\"font-size: xx-large;\"><b>SOLEIL DE NUIT<\/b><\/span><\/span><\/span><\/p>\n<p align=\"CENTER\"><span style=\"color: #4f81bd;\"><span style=\"font-family: Calibri, serif;\"><i>En \u00e9cho au spectacle MAGMA, Com\u00e9die de Clermont-Ferrand<\/i><\/span><\/span><\/p>\n<p align=\"CENTER\"><span style=\"font-family: Calibri, serif;\"><i><b>La projection sera suivie d\u2019un d\u00e9bat autour de la discrimination dans la pratique artistique de la danse avec Madeline Izoulet-R\u00e9ant du Conservatoire Emmanuel Chabrier<\/b><\/i><\/span><\/p>\n<p><span style=\"font-family: Calibri, serif;\">Ancien danseur-\u00e9toile du Kirov qui a fuit la Russie il y a dix ans, Nikolai Rodchenko se voit contraint, lors d&#8217;une de ses tourn\u00e9es, de retourner dans son pays natal. Il y fait la connaissance de Raymond Greenwood, danseur am\u00e9ricain. Il lui demande de l&#8217;aider \u00e0 repasser de nouveau \u00e0 l&#8217;ouest&#8230;<\/span><\/p>\n<p><span style=\"font-family: Calibri, serif;\"><span lang=\"en-US\"><i>De Taylor Hackford<\/i><\/span><\/span><\/p>\n<p><span style=\"font-family: Calibri, serif;\"><span lang=\"en-US\"><i>Avec Mikhail Baryshnikov, Gregory Hines, Jerzy Skolimowski<\/i><\/span><\/span><\/p>\n<p><span style=\"font-family: Calibri, serif;\"><i>Etats-Unis &#8211; 1986 &#8211; 2h17<\/i><\/span><\/p>\n<p align=\"CENTER\"><span style=\"font-family: Calibri, serif;\"><b>Contact \/ inscription<\/b><\/span><\/p>\n<p align=\"CENTER\"><span style=\"font-family: Calibri, serif;\">Projet collectif Placement Libre<\/span><\/p>\n<p align=\"CENTER\"><span style=\"font-family: Calibri, serif;\">projetcolerio@gmail.com<\/span><\/p>\n<p align=\"CENTER\"><span style=\"font-family: Calibri, serif;\">06 26 29 45 01<\/span><\/p>\n<p align=\"CENTER\"><span style=\"color: #e36c0a;\"><span style=\"font-family: Calibri, serif;\"><span style=\"font-size: x-large;\"><b>Mercredi 18, Jeudi 19 et Vendredi 20 mars \u00e0 20h30<\/b><\/span><\/span><\/span><\/p>\n<p align=\"CENTER\"><span style=\"color: #4f81bd;\"><span style=\"font-family: Jaapokki, serif;\"><span style=\"font-size: xx-large;\"><b>Magma<\/b><\/span><\/span><\/span><\/p>\n<p align=\"CENTER\"><span style=\"color: #4f81bd;\"><span style=\"font-family: Calibri, serif;\"><span style=\"font-size: x-large;\"><i><b>\u00e0 la Com\u00e9die de Clermont, Maison de la Culture<\/b><\/i><\/span><\/span><\/span><\/p>\n<p align=\"JUSTIFY\"><span style=\"color: #000000;\"><span style=\"font-size: large;\"><span style=\"font-family: Calibri, serif;\"><i><b>Avec MARIE-AGN\u00c8S GILLOT ET ANDR\u00c9S MAR\u00cdN<\/b><\/i><\/span><\/span><\/span><\/p>\n<p align=\"JUSTIFY\"><span style=\"color: #000000;\"><span style=\"font-size: large;\"><span style=\"font-family: Calibri, serif;\"><i><b>SOUS LA DIRECTION ARTISTIQUE<\/b><\/i><\/span><\/span><\/span><\/p>\n<p align=\"JUSTIFY\"><span style=\"color: #000000;\"><span style=\"font-size: large;\"><span style=\"font-family: Calibri, serif;\"><i><b>DE CHRISTIAN RIZZO<\/b><\/i><\/span><\/span><\/span><\/p>\n<p align=\"JUSTIFY\"><span style=\"color: #000000;\"><span style=\"font-size: medium;\"><span style=\"font-family: Calibri, serif;\">Une rencontre au sommet entre l\u2019une des danseuses les plus inclassables de sa g\u00e9n\u00e9ration, Marie-Agn\u00e8s Gillot, sublime \u00e9toile de l\u2019Op\u00e9ra de Paris jusqu\u2019en 2018 et Andr\u00e9s Mar\u00edn, l\u2019un des plus grands noms du flamenco contemporain. Deux stars de la danse qui rel\u00e8vent le d\u00e9fi d\u2019un dialogue in\u00e9dit, sous la direction artistique de Christian Rizzo. Le flamenco est n\u00e9 en Andalousie au XVIIe si\u00e8cle, pur produit de cette terre qui f\u00fbt tout \u00e0 la fois chr\u00e9tienne, musulmane, gitane et juive. Art populaire dans lequel musique, chant et danse s\u2019assemblent pour exprimer cet enchantement, ce duende, entre envo\u00fbtement et possession, qui fascine et parle au c\u0153ur.<\/span><\/span><\/span><\/p>","excerpt":"<p><\/p>","slug":"placement-libre-du-cinema-au-theatre","image":false,"all_day":false,"start_date":"2020-03-12 20:00:00","start_date_details":{"year":"2020","month":"03","day":"12","hour":"20","minutes":"00","seconds":"00"},"end_date":"2020-03-12 23:00:00","end_date_details":{"year":"2020","month":"03","day":"12","hour":"23","minutes":"00","seconds":"00"},"utc_start_date":"2020-03-12 19:00:00","utc_start_date_details":{"year":"2020","month":"03","day":"12","hour":"19","minutes":"00","seconds":"00"},"utc_end_date":"2020-03-12 22:00:00","utc_end_date_details":{"year":"2020","month":"03","day":"12","hour":"22","minutes":"00","seconds":"00"},"timezone":"Europe\/Paris","timezone_abbr":"CET","cost":"","cost_details":{"currency_symbol":"","currency_position":"suffix","values":[]},"website":"","show_map":true,"show_map_link":false,"hide_from_listings":false,"sticky":false,"featured":false,"categories":[{"name":"Actualit\u00e9s","slug":"actualites","term_group":0,"term_taxonomy_id":293,"taxonomy":"tribe_events_cat","description":"","parent":0,"count":16,"filter":"raw","term_order":"0","id":293,"urls":{"self":"https:\/\/paroles-de-bibs.org\/index.php?rest_route=\/tribe\/events\/v1\/categories\/293","collection":"https:\/\/paroles-de-bibs.org\/index.php?rest_route=\/tribe\/events\/v1\/categories"}}],"tags":[],"venue":{"id":1778,"author":"1","status":"publish","date":"2019-10-18 15:39:32","date_utc":"2019-10-18 13:39:32","modified":"2019-10-18 15:39:32","modified_utc":"2019-10-18 13:39:32","url":"https:\/\/paroles-de-bibs.org\/?tribe_venue=cinema-le-rio-3","venue":"Cin\u00e9ma Le Rio","excerpt":"<p><\/p>","slug":"cinema-le-rio-3","address":"178 rue Sous les Vignes","city":"Clermont-Ferrand","country":"France","zip":"63100","json_ld":{"@type":"Place","name":"Cin\u00e9ma Le Rio","description":"","url":"","address":{"@type":"PostalAddress","streetAddress":"178 rue Sous les Vignes","addressLocality":"Clermont-Ferrand","postalCode":"63100","addressCountry":"France"},"telephone":"","sameAs":""},"show_map":true,"show_map_link":true,"global_id":"paroles-de-bibs.org?id=1778","global_id_lineage":["paroles-de-bibs.org?id=1778"]},"organizer":[{"id":3079,"author":"1","status":"publish","date":"2020-03-11 11:51:56","date_utc":"2020-03-11 10:51:56","modified":"2020-03-11 11:51:56","modified_utc":"2020-03-11 10:51:56","url":"https:\/\/paroles-de-bibs.org\/?tribe_organizer=projet-collectif-placement-libre","organizer":"Projet collectif Placement Libre","excerpt":"<p><\/p>","slug":"projet-collectif-placement-libre","phone":"06 26 29 45 01","email":"projetcolerio@gmail.com","json_ld":{"@type":"Person","name":"Projet collectif Placement Libre","description":"","url":"","telephone":"06 26 29 45 01","email":"p&#114;&#111;j&#101;t&#99;&#111;l&#101;r&#105;o&#64;&#103;&#109;ail.&#99;om","sameAs":""},"global_id":"paroles-de-bibs.org?id=3079","global_id_lineage":["paroles-de-bibs.org?id=3079"]},{"id":1779,"author":"1","status":"publish","date":"2019-12-04 23:03:07","date_utc":"2019-12-04 22:03:07","modified":"2019-12-04 23:03:07","modified_utc":"2019-12-04 22:03:07","url":"https:\/\/paroles-de-bibs.org\/?tribe_organizer=cinema-le-rio","organizer":"Cin\u00e9ma Le Rio","excerpt":"<p><\/p>","slug":"cinema-le-rio","website":"http:\/\/www.cinemalerio.com\/2015\/","json_ld":{"@type":"Person","name":"Cin\u00e9ma Le Rio","description":"","url":"","telephone":"","email":"","sameAs":"http:\/\/www.cinemalerio.com\/2015\/"},"global_id":"paroles-de-bibs.org?id=1779","global_id_lineage":["paroles-de-bibs.org?id=1779"]},{"id":3080,"author":"1","status":"draft","date":"2020-03-11 11:50:31","date_utc":"0000-00-00 00:00:00","modified":"2020-03-11 11:50:31","modified_utc":"0000-00-00 00:00:00","url":"https:\/\/paroles-de-bibs.org\/?post_type=tribe_organizer&p=3080","organizer":"La Com\u00e9die de Clermont","excerpt":"<p><\/p>","slug":"la-comedie-de-clermont","website":"https:\/\/lacomediedeclermont.com\/saison19-20\/spectacle\/magma\/","json_ld":{"@type":"Person","name":"La Com\u00e9die de Clermont","description":"","url":"","telephone":"","email":"","sameAs":"https:\/\/lacomediedeclermont.com\/saison19-20\/spectacle\/magma\/"},"global_id":"paroles-de-bibs.org?id=3080","global_id_lineage":["paroles-de-bibs.org?id=3080"]}],"json_ld":{"@context":"http:\/\/schema.org","@type":"Event","name":"PLACEMENT LIBRE : DU CIN\u00c9MA AU TH\u00c9\u00c2TRE","description":"&lt;p&gt;&nbsp; Cette ann\u00e9e, Le Rio s\u2019associe \u00e0 La Com\u00e9die - Sc\u00e8ne Nationale, autour du projet PLACEMENT LIBRE : DU CIN\u00c9MA AU TH\u00c9\u00c2TRE afin de proposer des projections de films faisant [&hellip;]&lt;\/p&gt;\\n","url":"https:\/\/paroles-de-bibs.org\/?tribe_events=placement-libre-du-cinema-au-theatre","startDate":"2020-03-12T20:00:00+01:00","endDate":"2020-03-12T23:00:00+01:00","location":{"@type":"Place","name":"Cin\u00e9ma Le Rio","description":"","url":"","address":{"@type":"PostalAddress","streetAddress":"178 rue Sous les Vignes","addressLocality":"Clermont-Ferrand","postalCode":"63100","addressCountry":"France"},"telephone":"","sameAs":""},"organizer":{"@type":"Person","name":"Projet collectif Placement Libre","description":"","url":"","telephone":"06 26 29 45 01","email":"&#112;roj&#101;tco&#108;&#101;ri&#111;&#64;&#103;&#109;&#97;i&#108;.&#99;o&#109;","sameAs":""},"performer":"Organization"}}