{"id":2333,"global_id":"paroles-de-bibs.org?id=2333","global_id_lineage":["paroles-de-bibs.org?id=2333"],"author":"1","status":"publish","date":"2019-12-04 23:03:07","date_utc":"2019-12-04 22:03:07","modified":"2019-12-04 23:05:06","modified_utc":"2019-12-04 22:05:06","url":"https:\/\/paroles-de-bibs.org\/?tribe_events=2333","rest_url":"https:\/\/paroles-de-bibs.org\/index.php?rest_route=\/tribe\/events\/v1\/events\/2333","title":"Le char et l&#8217;olivier &#8211; Cin\u00e9ma Le Rio","description":"<p>&nbsp;<\/p>\r\n<ul>\r\n<li>France | 2019 | 1h41 | Couleur<\/li>\r\n<li>Un documentaire de <strong>Roland NURIER<\/strong><\/li>\r\n<\/ul>\r\n<p>&nbsp;<\/p>\r\n<p style=\"text-align: justify;\"><strong><span style=\"font-size: 12pt;\">Ce documentaire essentiel permet d&#8217;avoir un \u00e9clairage n\u00e9cessaire sur l&#8217;histoire de la Palestine. Apprendre du pass\u00e9 pour comprendre le pr\u00e9sent&#8230;<\/span><\/strong><\/p>\r\n<p>&nbsp;<\/p>\r\n<p style=\"text-align: justify;\"><strong>Synopsis :<\/strong><\/p>\r\n<p style=\"text-align: justify;\">L&#8217;histoire de la Palestine, de son origine \u00e0 aujourd&#8217;hui, loin de ce que les m\u00e9dias appellent le conflit isra\u00e9lo-palestinien. Experts internationaux, historiens, diplomates des Nations unies, juristes en Droit International mais aussi, t\u00e9moignages de simples citoyens&#8230; Un \u00e9clairage primordial bas\u00e9 sur des \u00e9l\u00e9ments factuels incontestables, pour se d\u00e9barrasser des clich\u00e9s et id\u00e9es re\u00e7ues !<\/p>\r\n<p>&nbsp;<\/p>\r\n\r\n\r\n\r\n\r\n\r\n\r\n\r\n<p style=\"text-align: justify;\"><em><span style=\"font-family: georgia, palatino, serif;\"><span style=\"color: #3c7509;\"><strong>LE CHAR ET L\u2019OLIVIER, UNE AUTRE HISTOIRE DE LA PALESTINE<\/strong><\/span>\u00a0 a d\u00e9pass\u00e9 l<span style=\"color: #000000;\">es <\/span><span style=\"color: #000000;\"><strong>14 000 entr\u00e9es<\/strong><\/span>, en <b>3 semaines<\/b>, sur un nombre de copies limit\u00e9. <\/span><\/em><\/p>\r\n<p style=\"text-align: justify;\"><em><span style=\"font-family: georgia, palatino, serif;\">Des <b>salles pleines<\/b>, des <b>d\u00e9bats passionn\u00e9s<\/b> et des <b>spectateurs<\/b> qui <b>pl\u00e9biscitent<\/b> le film avec une <span style=\"color: #000000;\"><strong>note de 4,1 \/ 5<\/strong><\/span><span style=\"color: #000000;\">.<\/span><\/span><\/em><\/p>\r\n<p style=\"text-align: justify;\"><em> <span style=\"font-family: georgia, palatino, serif;\"><b>Roland NURIER<\/b>, le r\u00e9alisateur, a d\u00e9j\u00e0 particip\u00e9 \u00e0 <b>plus de 60 soir\u00e9es-d\u00e9bats<\/b> dans toute la France. A partir de d\u00e9cembre, <b>50 autres<\/b> sont d\u00e9j\u00e0 pr\u00e9vues, en sa pr\u00e9sence.<\/span><\/em><\/p>\r\n<p>&nbsp;<\/p>\r\n\r\n\r\n\r\n<figure><iframe loading=\"lazy\" src=\"https:\/\/player.vimeo.com\/video\/238772291\" width=\"640\" height=\"360\" allowfullscreen=\"allowfullscreen\"><\/iframe><\/figure>\r\n\r\n<p>&nbsp;<\/p>","excerpt":"<p><\/p>","slug":"2333","image":{"url":"https:\/\/paroles-de-bibs.org\/wp-content\/uploads\/2019\/09\/affiche-le-char-et-lolivier.jpg","id":871,"extension":"jpg","width":353,"height":470,"sizes":{"thumbnail":{"width":148,"height":150,"mime-type":"image\/jpeg","url":"https:\/\/paroles-de-bibs.org\/wp-content\/uploads\/2019\/09\/affiche-le-char-et-lolivier-148x150.jpg"},"medium":{"width":225,"height":300,"mime-type":"image\/jpeg","url":"https:\/\/paroles-de-bibs.org\/wp-content\/uploads\/2019\/09\/affiche-le-char-et-lolivier-225x300.jpg"},"gtl-multipurpose-img-525-350":{"width":353,"height":350,"mime-type":"image\/jpeg","url":"https:\/\/paroles-de-bibs.org\/wp-content\/uploads\/2019\/09\/affiche-le-char-et-lolivier-353x350.jpg"},"gtl-multipurpose-img-330-200":{"width":330,"height":200,"mime-type":"image\/jpeg","url":"https:\/\/paroles-de-bibs.org\/wp-content\/uploads\/2019\/09\/affiche-le-char-et-lolivier-330x200.jpg"},"gtl-multipurpose-img-250-380":{"width":250,"height":380,"mime-type":"image\/jpeg","url":"https:\/\/paroles-de-bibs.org\/wp-content\/uploads\/2019\/09\/affiche-le-char-et-lolivier-250x380.jpg"},"gtl-multipurpose-img-105-70":{"width":105,"height":70,"mime-type":"image\/jpeg","url":"https:\/\/paroles-de-bibs.org\/wp-content\/uploads\/2019\/09\/affiche-le-char-et-lolivier-105x70.jpg"},"gtl-multipurpose-img-46-54":{"width":46,"height":54,"mime-type":"image\/jpeg","url":"https:\/\/paroles-de-bibs.org\/wp-content\/uploads\/2019\/09\/affiche-le-char-et-lolivier-46x54.jpg"}}},"all_day":false,"start_date":"2020-01-07 20:00:00","start_date_details":{"year":"2020","month":"01","day":"07","hour":"20","minutes":"00","seconds":"00"},"end_date":"2020-01-07 23:30:00","end_date_details":{"year":"2020","month":"01","day":"07","hour":"23","minutes":"30","seconds":"00"},"utc_start_date":"2020-01-07 19:00:00","utc_start_date_details":{"year":"2020","month":"01","day":"07","hour":"19","minutes":"00","seconds":"00"},"utc_end_date":"2020-01-07 22:30:00","utc_end_date_details":{"year":"2020","month":"01","day":"07","hour":"22","minutes":"30","seconds":"00"},"timezone":"Europe\/Paris","timezone_abbr":"CET","cost":"","cost_details":{"currency_symbol":"","currency_position":"suffix","values":[]},"website":"","show_map":true,"show_map_link":true,"hide_from_listings":false,"sticky":false,"featured":false,"categories":[{"name":"Actualit\u00e9s","slug":"actualites","term_group":0,"term_taxonomy_id":293,"taxonomy":"tribe_events_cat","description":"","parent":0,"count":16,"filter":"raw","term_order":"0","id":293,"urls":{"self":"https:\/\/paroles-de-bibs.org\/index.php?rest_route=\/tribe\/events\/v1\/categories\/293","collection":"https:\/\/paroles-de-bibs.org\/index.php?rest_route=\/tribe\/events\/v1\/categories"}}],"tags":[],"venue":{"id":1782,"author":"1","status":"publish","date":"2019-12-04 23:03:07","date_utc":"2019-12-04 22:03:07","modified":"2019-12-04 23:03:07","modified_utc":"2019-12-04 22:03:07","url":"https:\/\/paroles-de-bibs.org\/?tribe_venue=cinema-le-rio","venue":"Cin\u00e9ma Le Rio","excerpt":"<p><\/p>","slug":"cinema-le-rio","address":"178 rue Sous les Vignes","city":"Clermont-Ferrand","country":"France","zip":"63100","json_ld":{"@type":"Place","name":"Cin\u00e9ma Le Rio","description":"","url":"","address":{"@type":"PostalAddress","streetAddress":"178 rue Sous les Vignes","addressLocality":"Clermont-Ferrand","postalCode":"63100","addressCountry":"France"},"telephone":"","sameAs":""},"show_map":true,"show_map_link":true,"global_id":"paroles-de-bibs.org?id=1782","global_id_lineage":["paroles-de-bibs.org?id=1782"]},"organizer":[{"id":1779,"author":"1","status":"publish","date":"2019-12-04 23:03:07","date_utc":"2019-12-04 22:03:07","modified":"2019-12-04 23:03:07","modified_utc":"2019-12-04 22:03:07","url":"https:\/\/paroles-de-bibs.org\/?tribe_organizer=cinema-le-rio","organizer":"Cin\u00e9ma Le Rio","excerpt":"<p><\/p>","slug":"cinema-le-rio","website":"http:\/\/www.cinemalerio.com\/2015\/","json_ld":{"@type":"Person","name":"Cin\u00e9ma Le Rio","description":"","url":"","telephone":"","email":"","sameAs":"http:\/\/www.cinemalerio.com\/2015\/"},"global_id":"paroles-de-bibs.org?id=1779","global_id_lineage":["paroles-de-bibs.org?id=1779"]},{"id":2349,"author":"1","status":"publish","date":"2019-12-04 23:03:07","date_utc":"2019-12-04 22:03:07","modified":"2019-12-04 23:03:07","modified_utc":"2019-12-04 22:03:07","url":"https:\/\/paroles-de-bibs.org\/?tribe_organizer=afp-63-2","organizer":"AFP 63","excerpt":"<p><\/p>","slug":"afp-63-2","json_ld":{"@type":"Person","name":"AFP 63","description":"","url":"","telephone":"","email":"","sameAs":""},"global_id":"paroles-de-bibs.org?id=2349","global_id_lineage":["paroles-de-bibs.org?id=2349"]}],"json_ld":{"@context":"http:\/\/schema.org","@type":"Event","name":"Le char et l&#8217;olivier &#8211; Cin\u00e9ma Le Rio","description":"","image":"https:\/\/paroles-de-bibs.org\/wp-content\/uploads\/2019\/09\/affiche-le-char-et-lolivier.jpg","url":"https:\/\/paroles-de-bibs.org\/?tribe_events=2333","startDate":"2020-01-07T20:00:00+01:00","endDate":"2020-01-07T23:30:00+01:00","location":{"@type":"Place","name":"Cin\u00e9ma Le Rio","description":"","url":"","address":{"@type":"PostalAddress","streetAddress":"178 rue Sous les Vignes","addressLocality":"Clermont-Ferrand","postalCode":"63100","addressCountry":"France"},"telephone":"","sameAs":""},"organizer":{"@type":"Person","name":"Cin\u00e9ma Le Rio","description":"","url":"","telephone":"","email":"","sameAs":"http:\/\/www.cinemalerio.com\/2015\/"},"performer":"Organization"}}